{"id":88379,"date":"2026-02-17T09:14:47","date_gmt":"2026-02-17T06:14:47","guid":{"rendered":"https:\/\/www.egemtv.com\/?p=88379"},"modified":"2026-02-17T09:14:48","modified_gmt":"2026-02-17T06:14:48","slug":"tir-sarampole-uctu","status":"publish","type":"post","link":"https:\/\/www.egemtv.com\/?p=88379","title":{"rendered":"T\u0131r \u015farampole u\u00e7tu"},"content":{"rendered":"<p>DEN\u0130ZL\u0130 (\u0130HA) \u2013 Denizli\u2019nin Buldan il\u00e7esinde ya\u011f\u0131\u015f nedeniyle kontrolden \u00e7\u0131kan t\u0131r \u015farampole devrildi.<br \/>\n<br \/>Kaza, Denizli &#8211; Manisa karayolu Yenicekent Kav\u015fa\u011f\u0131 yak\u0131nlar\u0131nda meydana geldi. Edinilen bilgiye g\u00f6re; Manisa\u2019dan Denizli y\u00f6n\u00fcne seyir halinde olan y\u00fckl\u00fc t\u0131r, Yenicekent Kav\u015fa\u011f\u0131 yak\u0131nlar\u0131na geldi\u011finde ya\u011f\u0131\u015f nedeniyle kayganla\u015fan yolda kontrolden \u00e7\u0131kt\u0131. S\u00fcr\u00fcc\u00fcn\u00fcn t\u00fcm \u00e7abalar\u0131na ra\u011fmen kontrol\u00fcn\u00fc sa\u011flayamad\u0131\u011f\u0131 t\u0131r\u0131n \u00f6n k\u0131sm\u0131 \u015farampole devrildi.  Maddi hasar meydana gelen kazada can kayb\u0131 ya\u015fanmazken,  yol uzun m\u00fcddet trafi\u011fe kapand\u0131.<br \/><\/p>\n","protected":false},"excerpt":{"rendered":"<p>DEN\u0130ZL\u0130 (\u0130HA) \u2013 Denizli\u2019nin Buldan il\u00e7esinde ya\u011f\u0131\u015f nedeniyle kontrolden \u00e7\u0131kan t\u0131r \u015farampole devrildi. Kaza, Denizli &#8211; Manisa karayolu Yenicekent Kav\u015fa\u011f\u0131 yak\u0131nlar\u0131nda meydana geldi. Edinilen bilgiye g\u00f6re; Manisa\u2019dan Denizli y\u00f6n\u00fcne seyir halinde olan y\u00fckl\u00fc t\u0131r, Yenicekent Kav\u015fa\u011f\u0131 yak\u0131nlar\u0131na geldi\u011finde ya\u011f\u0131\u015f nedeniyle kayganla\u015fan yolda kontrolden \u00e7\u0131kt\u0131. S\u00fcr\u00fcc\u00fcn\u00fcn t\u00fcm \u00e7abalar\u0131na ra\u011fmen kontrol\u00fcn\u00fc sa\u011flayamad\u0131\u011f\u0131 t\u0131r\u0131n \u00f6n k\u0131sm\u0131 \u015farampole devrildi&#8230;.<\/p>\n","protected":false},"author":1,"featured_media":88380,"comment_status":"open","ping_status":"open","sticky":false,"template":"","format":"standard","meta":{"_crdt_document":"","footnotes":""},"categories":[5],"tags":[],"class_list":["post-88379","post","type-post","status-publish","format-standard","has-post-thumbnail","hentry","category-asayis"],"_links":{"self":[{"href":"https:\/\/www.egemtv.com\/index.php?rest_route=\/wp\/v2\/posts\/88379","targetHints":{"allow":["GET"]}}],"collection":[{"href":"https:\/\/www.egemtv.com\/index.php?rest_route=\/wp\/v2\/posts"}],"about":[{"href":"https:\/\/www.egemtv.com\/index.php?rest_route=\/wp\/v2\/types\/post"}],"author":[{"embeddable":true,"href":"https:\/\/www.egemtv.com\/index.php?rest_route=\/wp\/v2\/users\/1"}],"replies":[{"embeddable":true,"href":"https:\/\/www.egemtv.com\/index.php?rest_route=%2Fwp%2Fv2%2Fcomments&post=88379"}],"version-history":[{"count":1,"href":"https:\/\/www.egemtv.com\/index.php?rest_route=\/wp\/v2\/posts\/88379\/revisions"}],"predecessor-version":[{"id":88381,"href":"https:\/\/www.egemtv.com\/index.php?rest_route=\/wp\/v2\/posts\/88379\/revisions\/88381"}],"wp:featuredmedia":[{"embeddable":true,"href":"https:\/\/www.egemtv.com\/index.php?rest_route=\/wp\/v2\/media\/88380"}],"wp:attachment":[{"href":"https:\/\/www.egemtv.com\/index.php?rest_route=%2Fwp%2Fv2%2Fmedia&parent=88379"}],"wp:term":[{"taxonomy":"category","embeddable":true,"href":"https:\/\/www.egemtv.com\/index.php?rest_route=%2Fwp%2Fv2%2Fcategories&post=88379"},{"taxonomy":"post_tag","embeddable":true,"href":"https:\/\/www.egemtv.com\/index.php?rest_route=%2Fwp%2Fv2%2Ftags&post=88379"}],"curies":[{"name":"wp","href":"https:\/\/api.w.org\/{rel}","templated":true}]}}