{"id":88376,"date":"2026-02-17T09:14:46","date_gmt":"2026-02-17T06:14:46","guid":{"rendered":"https:\/\/www.egemtv.com\/?p=88376"},"modified":"2026-02-17T09:14:46","modified_gmt":"2026-02-17T06:14:46","slug":"baskan-gencay-halkimizin-guvenligi-onceligimiz","status":"publish","type":"post","link":"https:\/\/www.egemtv.com\/?p=88376","title":{"rendered":"Ba\u015fkan Gen\u00e7ay: &#8220;Halk\u0131m\u0131z\u0131n g\u00fcvenli\u011fi \u00f6nceli\u011fimiz&#8221;"},"content":{"rendered":"<p>Son g\u00fcnlerde etkili olan kuvvetli r\u00fczgar ve yo\u011fun ya\u011f\u0131\u015flar\u0131n ard\u0131ndan Didim Belediyesi ekipleri \u00e7al\u0131\u015fmalara h\u0131z verdi. Didim Belediye Ba\u015fkan\u0131 Hatice Gen\u00e7ay, Akb\u00fck Mahallesi So\u011fuksu Mevkii\u2019nde meydana gelen tahribatlar\u0131 yerinde inceleyerek konu hakk\u0131nda bilgi ald\u0131.<br \/>\n<br \/>Hava \u015fartlar\u0131 nedeniyle olu\u015fan tahribat ve bozulmalar, belediye ekipleri taraf\u0131ndan h\u0131zla giderildi. \u0130l\u00e7e genelinde farkl\u0131 noktalarda etkili olan olumsuzluklara kar\u015f\u0131 \u00e7al\u0131\u015fmalar s\u00fcrd\u00fcr\u00fcl\u00fcrken, ilgili m\u00fcd\u00fcrl\u00fcklerle koordinasyon sa\u011flanarak bak\u0131m, onar\u0131m ve iyile\u015ftirme \u00e7al\u0131\u015fmalar\u0131n\u0131n en k\u0131sa s\u00fcrede tamamlanmas\u0131 i\u00e7in gerekli talimatlar verildi.<br \/>\n<br \/>&#8220;Halk\u0131m\u0131z\u0131n g\u00fcvenli\u011fi \u00f6nceli\u011fimiz&#8221;<br \/>\n<br \/>Ba\u015fkan Hatice Gen\u00e7ay, konuya ili\u015fkin \u015funlar\u0131 s\u00f6yledi:<br \/>\n<br \/>&#8220;Halk\u0131m\u0131z\u0131n can ve mal g\u00fcvenli\u011fi \u00f6nceli\u011fimizdir. Olu\u015fabilecek riskleri en aza indirmek i\u00e7in ekiplerimiz sahada aral\u0131ks\u0131z \u00e7al\u0131\u015f\u0131yor. T\u00fcm birimlerimizle koordinasyon i\u00e7inde hareket ederek gerekli \u00f6nlemleri almaya devam ediyoruz&#8221;<br \/><\/p>\n","protected":false},"excerpt":{"rendered":"<p>Son g\u00fcnlerde etkili olan kuvvetli r\u00fczgar ve yo\u011fun ya\u011f\u0131\u015flar\u0131n ard\u0131ndan Didim Belediyesi ekipleri \u00e7al\u0131\u015fmalara h\u0131z verdi. Didim Belediye Ba\u015fkan\u0131 Hatice Gen\u00e7ay, Akb\u00fck Mahallesi So\u011fuksu Mevkii\u2019nde meydana gelen tahribatlar\u0131 yerinde inceleyerek konu hakk\u0131nda bilgi ald\u0131. Hava \u015fartlar\u0131 nedeniyle olu\u015fan tahribat ve bozulmalar, belediye ekipleri taraf\u0131ndan h\u0131zla giderildi. \u0130l\u00e7e genelinde farkl\u0131 noktalarda etkili olan olumsuzluklara kar\u015f\u0131 \u00e7al\u0131\u015fmalar&#8230;<\/p>\n","protected":false},"author":1,"featured_media":88377,"comment_status":"open","ping_status":"open","sticky":false,"template":"","format":"standard","meta":{"_crdt_document":"","footnotes":""},"categories":[1],"tags":[],"class_list":["post-88376","post","type-post","status-publish","format-standard","has-post-thumbnail","hentry","category-guncel"],"_links":{"self":[{"href":"https:\/\/www.egemtv.com\/index.php?rest_route=\/wp\/v2\/posts\/88376","targetHints":{"allow":["GET"]}}],"collection":[{"href":"https:\/\/www.egemtv.com\/index.php?rest_route=\/wp\/v2\/posts"}],"about":[{"href":"https:\/\/www.egemtv.com\/index.php?rest_route=\/wp\/v2\/types\/post"}],"author":[{"embeddable":true,"href":"https:\/\/www.egemtv.com\/index.php?rest_route=\/wp\/v2\/users\/1"}],"replies":[{"embeddable":true,"href":"https:\/\/www.egemtv.com\/index.php?rest_route=%2Fwp%2Fv2%2Fcomments&post=88376"}],"version-history":[{"count":1,"href":"https:\/\/www.egemtv.com\/index.php?rest_route=\/wp\/v2\/posts\/88376\/revisions"}],"predecessor-version":[{"id":88378,"href":"https:\/\/www.egemtv.com\/index.php?rest_route=\/wp\/v2\/posts\/88376\/revisions\/88378"}],"wp:featuredmedia":[{"embeddable":true,"href":"https:\/\/www.egemtv.com\/index.php?rest_route=\/wp\/v2\/media\/88377"}],"wp:attachment":[{"href":"https:\/\/www.egemtv.com\/index.php?rest_route=%2Fwp%2Fv2%2Fmedia&parent=88376"}],"wp:term":[{"taxonomy":"category","embeddable":true,"href":"https:\/\/www.egemtv.com\/index.php?rest_route=%2Fwp%2Fv2%2Fcategories&post=88376"},{"taxonomy":"post_tag","embeddable":true,"href":"https:\/\/www.egemtv.com\/index.php?rest_route=%2Fwp%2Fv2%2Ftags&post=88376"}],"curies":[{"name":"wp","href":"https:\/\/api.w.org\/{rel}","templated":true}]}}