{"id":88373,"date":"2026-02-17T09:14:44","date_gmt":"2026-02-17T06:14:44","guid":{"rendered":"https:\/\/www.egemtv.com\/?p=88373"},"modified":"2026-02-17T09:14:45","modified_gmt":"2026-02-17T06:14:45","slug":"baskan-yetiskinden-kanli-bahce-film-galasina-davet","status":"publish","type":"post","link":"https:\/\/www.egemtv.com\/?p=88373","title":{"rendered":"Ba\u015fkan Yeti\u015fkin\u2019den Kanl\u0131 Bah\u00e7e Film Galas\u0131\u2019na davet"},"content":{"rendered":"<p>Efeler Belediyesi, Kurtulu\u015f Sava\u015f\u0131 d\u00f6neminde halk\u0131n ve efelerin milli m\u00fccadelesini konu alan Kanl\u0131bah\u00e7e adl\u0131 k\u0131sa filmin galas\u0131n\u0131 d\u00fczenlemeye haz\u0131rlan\u0131yor.<\/p>\n<p>Gala program\u0131, 17 \u015eubat Sal\u0131 g\u00fcn\u00fc saat 20.30\u2019da Nevzat Bi\u00e7er Konferans Salonu\u2019nda ger\u00e7ekle\u015ftirilecek. Efeler Belediyesi\u2019nin ev sahipli\u011finde d\u00fczenlenecek etkinlikte, film g\u00f6sterimi \u00f6ncesinde T\u00fcrk Halk M\u00fczi\u011fi program\u0131 da yer alacak. B\u00f6ylece kat\u0131l\u0131mc\u0131lar, m\u00fczikle ba\u015flayacak anlaml\u0131 bir gecede tarih ve sanat\u0131n bir araya geldi\u011fi \u00f6zel bir atmosfer ya\u015fayacak. G\u00f6sterimin ard\u0131ndan film ekibiyle s\u00f6yle\u015fi program\u0131 d\u00fczenlenecek. S\u00f6yle\u015fide filmin haz\u0131rl\u0131k s\u00fcreci, anlatmak istedi\u011fi tarihi mesaj ve perde arkas\u0131nda ya\u015fananlar izleyicilerle payla\u015f\u0131lacak. Kat\u0131l\u0131mc\u0131lar, Kurtulu\u015f Sava\u015f\u0131 y\u0131llar\u0131n\u0131 konu alan bu yap\u0131m\u0131n ortaya \u00e7\u0131k\u0131\u015f hik\u00e2yesini do\u011frudan film ekibinden dinleme imkan\u0131 bulacak.<\/p>\n<p>Efeler Belediye Ba\u015fkan\u0131 An\u0131l Yeti\u015fkin, t\u00fcm vatanda\u015flar\u0131 gala program\u0131na davet ederek, &#8220;Ecdad\u0131m\u0131z\u0131n Kurtulu\u015f Sava\u015f\u0131 y\u0131llar\u0131nda verdi\u011fi b\u00fcy\u00fck m\u00fccadeleyi anlatan bu anlaml\u0131 eseri hem\u015fehrilerimizle bulu\u015fturman\u0131n mutlulu\u011funu ya\u015f\u0131yoruz. Tarihimizi ve de\u011ferlerimizi sanatla ya\u015fatmaya devam edece\u011fiz. T\u00fcm vatanda\u015flar\u0131m\u0131z\u0131 17 \u015eubat Sal\u0131 ak\u015fam\u0131 Nevzat Bi\u00e7er Konferans Salonu\u2019nda ger\u00e7ekle\u015ftirece\u011fimiz gala program\u0131m\u0131za ve film ekibiyle yap\u0131lacak s\u00f6yle\u015fiye bekliyorum&#8221; diye konu\u015ftu.<br \/><\/p>\n","protected":false},"excerpt":{"rendered":"<p>Efeler Belediyesi, Kurtulu\u015f Sava\u015f\u0131 d\u00f6neminde halk\u0131n ve efelerin milli m\u00fccadelesini konu alan Kanl\u0131bah\u00e7e adl\u0131 k\u0131sa filmin galas\u0131n\u0131 d\u00fczenlemeye haz\u0131rlan\u0131yor. Gala program\u0131, 17 \u015eubat Sal\u0131 g\u00fcn\u00fc saat 20.30\u2019da Nevzat Bi\u00e7er Konferans Salonu\u2019nda ger\u00e7ekle\u015ftirilecek. Efeler Belediyesi\u2019nin ev sahipli\u011finde d\u00fczenlenecek etkinlikte, film g\u00f6sterimi \u00f6ncesinde T\u00fcrk Halk M\u00fczi\u011fi program\u0131 da yer alacak. B\u00f6ylece kat\u0131l\u0131mc\u0131lar, m\u00fczikle ba\u015flayacak anlaml\u0131 bir gecede&#8230;<\/p>\n","protected":false},"author":1,"featured_media":88374,"comment_status":"open","ping_status":"open","sticky":false,"template":"","format":"standard","meta":{"_crdt_document":"","footnotes":""},"categories":[1],"tags":[],"class_list":["post-88373","post","type-post","status-publish","format-standard","has-post-thumbnail","hentry","category-guncel"],"_links":{"self":[{"href":"https:\/\/www.egemtv.com\/index.php?rest_route=\/wp\/v2\/posts\/88373","targetHints":{"allow":["GET"]}}],"collection":[{"href":"https:\/\/www.egemtv.com\/index.php?rest_route=\/wp\/v2\/posts"}],"about":[{"href":"https:\/\/www.egemtv.com\/index.php?rest_route=\/wp\/v2\/types\/post"}],"author":[{"embeddable":true,"href":"https:\/\/www.egemtv.com\/index.php?rest_route=\/wp\/v2\/users\/1"}],"replies":[{"embeddable":true,"href":"https:\/\/www.egemtv.com\/index.php?rest_route=%2Fwp%2Fv2%2Fcomments&post=88373"}],"version-history":[{"count":1,"href":"https:\/\/www.egemtv.com\/index.php?rest_route=\/wp\/v2\/posts\/88373\/revisions"}],"predecessor-version":[{"id":88375,"href":"https:\/\/www.egemtv.com\/index.php?rest_route=\/wp\/v2\/posts\/88373\/revisions\/88375"}],"wp:featuredmedia":[{"embeddable":true,"href":"https:\/\/www.egemtv.com\/index.php?rest_route=\/wp\/v2\/media\/88374"}],"wp:attachment":[{"href":"https:\/\/www.egemtv.com\/index.php?rest_route=%2Fwp%2Fv2%2Fmedia&parent=88373"}],"wp:term":[{"taxonomy":"category","embeddable":true,"href":"https:\/\/www.egemtv.com\/index.php?rest_route=%2Fwp%2Fv2%2Fcategories&post=88373"},{"taxonomy":"post_tag","embeddable":true,"href":"https:\/\/www.egemtv.com\/index.php?rest_route=%2Fwp%2Fv2%2Ftags&post=88373"}],"curies":[{"name":"wp","href":"https:\/\/api.w.org\/{rel}","templated":true}]}}