{"id":88370,"date":"2026-02-17T09:14:43","date_gmt":"2026-02-17T06:14:43","guid":{"rendered":"https:\/\/www.egemtv.com\/?p=88370"},"modified":"2026-02-17T09:14:43","modified_gmt":"2026-02-17T06:14:43","slug":"ogrenciler-gune-didim-belediyesinin-destek-paketiyle-basliyor","status":"publish","type":"post","link":"https:\/\/www.egemtv.com\/?p=88370","title":{"rendered":"\u00d6\u011frenciler g\u00fcne Didim Belediyesi\u2019nin destek paketiyle ba\u015fl\u0131yor"},"content":{"rendered":"<p>Didim Belediye Ba\u015fkan\u0131 Hatice Gen\u00e7ay\u2019\u0131n \u00f6nc\u00fcl\u00fc\u011f\u00fcnde ba\u015flat\u0131lan uygulama kapsam\u0131nda, Didim\u2019de yap\u0131lan planlama ve tespitler do\u011frultusunda belirlenen ilk\u00f6\u011fretim \u00f6\u011frencilerine hafta i\u00e7i her sabah sa\u011fl\u0131kl\u0131 ve dengeli beslenmelerini destekleyen kahvalt\u0131 paketleri ula\u015ft\u0131r\u0131l\u0131yor.<\/p>\n<p>G\u00fcn\u00fcn erken saatlerinde belediye ekipleri taraf\u0131ndan haz\u0131rlanan paketler, \u00f6\u011frenciler okula gitmeden \u00f6nce evlerine teslim ediliyor. Uygulama ile \u00e7ocuklar\u0131n hem fiziksel hem de zihinsel geli\u015fimlerine katk\u0131 sa\u011flanmas\u0131 hedeflenirken, aile b\u00fct\u00e7elerine de destek olunuyor. E\u011fitimde f\u0131rsat e\u015fitli\u011fini g\u00fc\u00e7lendirmeyi ama\u00e7layan proje, \u00f6\u011frenciler ve veliler taraf\u0131ndan memnuniyetle kar\u015f\u0131land\u0131.<\/p>\n<p>&#8220;\u00c7ocuklar\u0131m\u0131z\u0131n geli\u015fimine katk\u0131 sunuyoruz&#8221;<br \/>\n<br \/>Projeye ili\u015fkin a\u00e7\u0131klamalarda bulunan Ba\u015fkan Hatice Gen\u00e7ay, &#8220;\u00c7ocuklar\u0131m\u0131z\u0131n sa\u011fl\u0131kl\u0131, mutlu ve ba\u015far\u0131l\u0131 bireyler olarak yeti\u015fmesi en b\u00fcy\u00fck \u00f6nceli\u011fimizdir. Hi\u00e7bir evlad\u0131m\u0131z\u0131n kahvalt\u0131 yapmadan okula gitmesini istemiyoruz. Bu destekle hem \u00e7ocuklar\u0131m\u0131z\u0131n geli\u015fimine katk\u0131 sunuyor hem de ailelerimizin yan\u0131nda oldu\u011fumuzu g\u00f6steriyoruz. Sosyal belediyecilik anlay\u0131\u015f\u0131m\u0131z do\u011frultusunda dayan\u0131\u015fmay\u0131 b\u00fcy\u00fctmeye ve gelece\u011fimiz olan \u00e7ocuklar\u0131m\u0131z i\u00e7in \u00fcretmeye devam edece\u011fiz&#8221; dedi.<br \/><\/p>\n","protected":false},"excerpt":{"rendered":"<p>Didim Belediye Ba\u015fkan\u0131 Hatice Gen\u00e7ay\u2019\u0131n \u00f6nc\u00fcl\u00fc\u011f\u00fcnde ba\u015flat\u0131lan uygulama kapsam\u0131nda, Didim\u2019de yap\u0131lan planlama ve tespitler do\u011frultusunda belirlenen ilk\u00f6\u011fretim \u00f6\u011frencilerine hafta i\u00e7i her sabah sa\u011fl\u0131kl\u0131 ve dengeli beslenmelerini destekleyen kahvalt\u0131 paketleri ula\u015ft\u0131r\u0131l\u0131yor. G\u00fcn\u00fcn erken saatlerinde belediye ekipleri taraf\u0131ndan haz\u0131rlanan paketler, \u00f6\u011frenciler okula gitmeden \u00f6nce evlerine teslim ediliyor. Uygulama ile \u00e7ocuklar\u0131n hem fiziksel hem de zihinsel geli\u015fimlerine katk\u0131&#8230;<\/p>\n","protected":false},"author":1,"featured_media":88371,"comment_status":"open","ping_status":"open","sticky":false,"template":"","format":"standard","meta":{"_crdt_document":"","footnotes":""},"categories":[1],"tags":[],"class_list":["post-88370","post","type-post","status-publish","format-standard","has-post-thumbnail","hentry","category-guncel"],"_links":{"self":[{"href":"https:\/\/www.egemtv.com\/index.php?rest_route=\/wp\/v2\/posts\/88370","targetHints":{"allow":["GET"]}}],"collection":[{"href":"https:\/\/www.egemtv.com\/index.php?rest_route=\/wp\/v2\/posts"}],"about":[{"href":"https:\/\/www.egemtv.com\/index.php?rest_route=\/wp\/v2\/types\/post"}],"author":[{"embeddable":true,"href":"https:\/\/www.egemtv.com\/index.php?rest_route=\/wp\/v2\/users\/1"}],"replies":[{"embeddable":true,"href":"https:\/\/www.egemtv.com\/index.php?rest_route=%2Fwp%2Fv2%2Fcomments&post=88370"}],"version-history":[{"count":1,"href":"https:\/\/www.egemtv.com\/index.php?rest_route=\/wp\/v2\/posts\/88370\/revisions"}],"predecessor-version":[{"id":88372,"href":"https:\/\/www.egemtv.com\/index.php?rest_route=\/wp\/v2\/posts\/88370\/revisions\/88372"}],"wp:featuredmedia":[{"embeddable":true,"href":"https:\/\/www.egemtv.com\/index.php?rest_route=\/wp\/v2\/media\/88371"}],"wp:attachment":[{"href":"https:\/\/www.egemtv.com\/index.php?rest_route=%2Fwp%2Fv2%2Fmedia&parent=88370"}],"wp:term":[{"taxonomy":"category","embeddable":true,"href":"https:\/\/www.egemtv.com\/index.php?rest_route=%2Fwp%2Fv2%2Fcategories&post=88370"},{"taxonomy":"post_tag","embeddable":true,"href":"https:\/\/www.egemtv.com\/index.php?rest_route=%2Fwp%2Fv2%2Ftags&post=88370"}],"curies":[{"name":"wp","href":"https:\/\/api.w.org\/{rel}","templated":true}]}}