{"id":88280,"date":"2026-02-16T16:34:46","date_gmt":"2026-02-16T13:34:46","guid":{"rendered":"https:\/\/www.egemtv.com\/?p=88280"},"modified":"2026-02-16T16:34:47","modified_gmt":"2026-02-16T13:34:47","slug":"efelerde-kapanan-yollar-aciliyor","status":"publish","type":"post","link":"https:\/\/www.egemtv.com\/?p=88280","title":{"rendered":"Efeler\u2019de kapanan yollar a\u00e7\u0131l\u0131yor"},"content":{"rendered":"<p>Ayd\u0131n\u2019da etkili olan yo\u011fun ya\u011f\u0131\u015f, baz\u0131 mahallelerde ula\u015f\u0131mda aksamalara neden oldu.<\/p>\n<p>Olu\u015fan olumsuzluklara kar\u015f\u0131 h\u0131zl\u0131ca harekete ge\u00e7en Efeler Belediyesi Fen \u0130\u015fleri M\u00fcd\u00fcrl\u00fc\u011f\u00fc ekipleri, kapanan ve zarar g\u00f6ren yollara an\u0131nda m\u00fcdahale ederek ula\u015f\u0131m\u0131 k\u0131sa s\u00fcrede yeniden sa\u011flad\u0131.<\/p>\n<p>Ya\u011f\u0131\u015f\u0131n etkisini art\u0131rmas\u0131yla birlikte hem k\u0131rsal mahallelerde hem de \u015fehir merkezinde denetimlerini s\u0131kla\u015ft\u0131ran ekipler, vatanda\u015flardan gelen ihbarlara da an\u0131nda yan\u0131t verdi. Su birikintileri, toprak kaymalar\u0131, yol kapanmalar\u0131 ve zemin bozulmalar\u0131 gibi sorunlara h\u0131zl\u0131 \u00e7\u00f6z\u00fcmler \u00fcreten ekipler, i\u015f makineleri ve saha personeliyle koordineli bir \u00e7al\u0131\u015fma y\u00fcr\u00fctt\u00fc.<\/p>\n<p>\u00d6zellikle ula\u015f\u0131m\u0131 aksatan noktalarda yap\u0131lan m\u00fcdahaleler sayesinde trafik ak\u0131\u015f\u0131 g\u00fcvenli \u015fekilde yeniden sa\u011fland\u0131. Bozulan ve y\u0131pranan yollar onar\u0131larak vatanda\u015flar\u0131n ma\u011fduriyeti en aza indirildi.<\/p>\n<p>Ya\u011f\u0131\u015flar\u0131n etkisini s\u00fcrd\u00fcrmesi nedeniyle muhtemel yeni olumsuzluklara kar\u015f\u0131 ekiplerin sahadaki denetim ve \u00e7al\u0131\u015fmalar\u0131 aral\u0131ks\u0131z devam ediyor. G\u00f6rev ve sorumluluk alan\u0131ndaki t\u00fcm b\u00f6lgelerde kontrollerini s\u00fcrd\u00fcren Fen \u0130\u015fleri M\u00fcd\u00fcrl\u00fc\u011f\u00fc, olu\u015fabilecek risklere kar\u015f\u0131 teyakkuz halinde bekliyor.<br \/><\/p>\n","protected":false},"excerpt":{"rendered":"<p>Ayd\u0131n\u2019da etkili olan yo\u011fun ya\u011f\u0131\u015f, baz\u0131 mahallelerde ula\u015f\u0131mda aksamalara neden oldu. Olu\u015fan olumsuzluklara kar\u015f\u0131 h\u0131zl\u0131ca harekete ge\u00e7en Efeler Belediyesi Fen \u0130\u015fleri M\u00fcd\u00fcrl\u00fc\u011f\u00fc ekipleri, kapanan ve zarar g\u00f6ren yollara an\u0131nda m\u00fcdahale ederek ula\u015f\u0131m\u0131 k\u0131sa s\u00fcrede yeniden sa\u011flad\u0131. Ya\u011f\u0131\u015f\u0131n etkisini art\u0131rmas\u0131yla birlikte hem k\u0131rsal mahallelerde hem de \u015fehir merkezinde denetimlerini s\u0131kla\u015ft\u0131ran ekipler, vatanda\u015flardan gelen ihbarlara da an\u0131nda&#8230;<\/p>\n","protected":false},"author":1,"featured_media":88281,"comment_status":"open","ping_status":"open","sticky":false,"template":"","format":"standard","meta":{"_crdt_document":"","footnotes":""},"categories":[1],"tags":[],"class_list":["post-88280","post","type-post","status-publish","format-standard","has-post-thumbnail","hentry","category-guncel"],"_links":{"self":[{"href":"https:\/\/www.egemtv.com\/index.php?rest_route=\/wp\/v2\/posts\/88280","targetHints":{"allow":["GET"]}}],"collection":[{"href":"https:\/\/www.egemtv.com\/index.php?rest_route=\/wp\/v2\/posts"}],"about":[{"href":"https:\/\/www.egemtv.com\/index.php?rest_route=\/wp\/v2\/types\/post"}],"author":[{"embeddable":true,"href":"https:\/\/www.egemtv.com\/index.php?rest_route=\/wp\/v2\/users\/1"}],"replies":[{"embeddable":true,"href":"https:\/\/www.egemtv.com\/index.php?rest_route=%2Fwp%2Fv2%2Fcomments&post=88280"}],"version-history":[{"count":1,"href":"https:\/\/www.egemtv.com\/index.php?rest_route=\/wp\/v2\/posts\/88280\/revisions"}],"predecessor-version":[{"id":88282,"href":"https:\/\/www.egemtv.com\/index.php?rest_route=\/wp\/v2\/posts\/88280\/revisions\/88282"}],"wp:featuredmedia":[{"embeddable":true,"href":"https:\/\/www.egemtv.com\/index.php?rest_route=\/wp\/v2\/media\/88281"}],"wp:attachment":[{"href":"https:\/\/www.egemtv.com\/index.php?rest_route=%2Fwp%2Fv2%2Fmedia&parent=88280"}],"wp:term":[{"taxonomy":"category","embeddable":true,"href":"https:\/\/www.egemtv.com\/index.php?rest_route=%2Fwp%2Fv2%2Fcategories&post=88280"},{"taxonomy":"post_tag","embeddable":true,"href":"https:\/\/www.egemtv.com\/index.php?rest_route=%2Fwp%2Fv2%2Ftags&post=88280"}],"curies":[{"name":"wp","href":"https:\/\/api.w.org\/{rel}","templated":true}]}}