{"id":88277,"date":"2026-02-16T16:14:51","date_gmt":"2026-02-16T13:14:51","guid":{"rendered":"https:\/\/www.egemtv.com\/?p=88277"},"modified":"2026-02-16T16:14:52","modified_gmt":"2026-02-16T13:14:52","slug":"aydin-icin-kuvvetli-saganak-uyarisi","status":"publish","type":"post","link":"https:\/\/www.egemtv.com\/?p=88277","title":{"rendered":"Ayd\u0131n i\u00e7in kuvvetli sa\u011fanak uyar\u0131s\u0131"},"content":{"rendered":"<p>Meteoroloji Genel M\u00fcd\u00fcrl\u00fc\u011f\u00fc\u2019ne ba\u011fl\u0131 Meteoroloji 2. B\u00f6lge M\u00fcd\u00fcrl\u00fc\u011f\u00fc taraf\u0131ndan yap\u0131lan de\u011ferlendirmelere g\u00f6re Ayd\u0131n genelinde 17 \u015eubat Sal\u0131 g\u00fcn\u00fc kuvvetli, baz\u0131 il\u00e7elerde ise \u00e7ok kuvvetli ve yer yer \u015fiddetli g\u00f6k g\u00fcr\u00fclt\u00fcl\u00fc sa\u011fanak ya\u011f\u0131\u015f bekleniyor.<\/p>\n<p>Meteoroloji verilerine g\u00f6re \u00f6zellikle ilin kuzey ve bat\u0131 kesimlerinde metrekareye 50-75 kilogram, k\u0131y\u0131 il\u00e7elerinde ise 51-100 kilogram aras\u0131nda ya\u011f\u0131\u015f d\u00fc\u015fece\u011fi tahmin ediliyor. Ya\u011f\u0131\u015flar\u0131n 18 \u015eubat \u00c7ar\u015famba sabah saatlerine kadar etkisini s\u00fcrd\u00fcrmesi \u00f6ng\u00f6r\u00fcl\u00fcyor. Yetkililer, beklenen sa\u011fanak nedeniyle sel ve su bask\u0131n\u0131, y\u0131ld\u0131r\u0131m, dolu, ya\u011f\u0131\u015f an\u0131nda kuvvetli r\u00fczgar ile ula\u015f\u0131mda aksamalar gibi risklere kar\u015f\u0131 vatanda\u015flar\u0131n tedbirli olmas\u0131 gerekti\u011fini bildirdi. \u00d6zellikle dere yataklar\u0131na yak\u0131n b\u00f6lgelerde ya\u015fayanlar ile s\u00fcr\u00fcc\u00fclere dikkatli olmalar\u0131 \u00e7a\u011fr\u0131s\u0131 yap\u0131ld\u0131. Meteoroloji ekipleri, ani ya\u011f\u0131\u015flara kar\u015f\u0131 geli\u015fmeleri yak\u0131ndan takip edilmesi ve resmi uyar\u0131lar\u0131n dikkate al\u0131nmas\u0131 gerekti\u011fini vurgulad\u0131.<br \/><\/p>\n","protected":false},"excerpt":{"rendered":"<p>Meteoroloji Genel M\u00fcd\u00fcrl\u00fc\u011f\u00fc\u2019ne ba\u011fl\u0131 Meteoroloji 2. B\u00f6lge M\u00fcd\u00fcrl\u00fc\u011f\u00fc taraf\u0131ndan yap\u0131lan de\u011ferlendirmelere g\u00f6re Ayd\u0131n genelinde 17 \u015eubat Sal\u0131 g\u00fcn\u00fc kuvvetli, baz\u0131 il\u00e7elerde ise \u00e7ok kuvvetli ve yer yer \u015fiddetli g\u00f6k g\u00fcr\u00fclt\u00fcl\u00fc sa\u011fanak ya\u011f\u0131\u015f bekleniyor. Meteoroloji verilerine g\u00f6re \u00f6zellikle ilin kuzey ve bat\u0131 kesimlerinde metrekareye 50-75 kilogram, k\u0131y\u0131 il\u00e7elerinde ise 51-100 kilogram aras\u0131nda ya\u011f\u0131\u015f d\u00fc\u015fece\u011fi tahmin ediliyor&#8230;.<\/p>\n","protected":false},"author":1,"featured_media":88278,"comment_status":"open","ping_status":"open","sticky":false,"template":"","format":"standard","meta":{"_crdt_document":"","footnotes":""},"categories":[1],"tags":[],"class_list":["post-88277","post","type-post","status-publish","format-standard","has-post-thumbnail","hentry","category-guncel"],"_links":{"self":[{"href":"https:\/\/www.egemtv.com\/index.php?rest_route=\/wp\/v2\/posts\/88277","targetHints":{"allow":["GET"]}}],"collection":[{"href":"https:\/\/www.egemtv.com\/index.php?rest_route=\/wp\/v2\/posts"}],"about":[{"href":"https:\/\/www.egemtv.com\/index.php?rest_route=\/wp\/v2\/types\/post"}],"author":[{"embeddable":true,"href":"https:\/\/www.egemtv.com\/index.php?rest_route=\/wp\/v2\/users\/1"}],"replies":[{"embeddable":true,"href":"https:\/\/www.egemtv.com\/index.php?rest_route=%2Fwp%2Fv2%2Fcomments&post=88277"}],"version-history":[{"count":1,"href":"https:\/\/www.egemtv.com\/index.php?rest_route=\/wp\/v2\/posts\/88277\/revisions"}],"predecessor-version":[{"id":88279,"href":"https:\/\/www.egemtv.com\/index.php?rest_route=\/wp\/v2\/posts\/88277\/revisions\/88279"}],"wp:featuredmedia":[{"embeddable":true,"href":"https:\/\/www.egemtv.com\/index.php?rest_route=\/wp\/v2\/media\/88278"}],"wp:attachment":[{"href":"https:\/\/www.egemtv.com\/index.php?rest_route=%2Fwp%2Fv2%2Fmedia&parent=88277"}],"wp:term":[{"taxonomy":"category","embeddable":true,"href":"https:\/\/www.egemtv.com\/index.php?rest_route=%2Fwp%2Fv2%2Fcategories&post=88277"},{"taxonomy":"post_tag","embeddable":true,"href":"https:\/\/www.egemtv.com\/index.php?rest_route=%2Fwp%2Fv2%2Ftags&post=88277"}],"curies":[{"name":"wp","href":"https:\/\/api.w.org\/{rel}","templated":true}]}}