{"id":88274,"date":"2026-02-16T16:14:50","date_gmt":"2026-02-16T13:14:50","guid":{"rendered":"https:\/\/www.egemtv.com\/?p=88274"},"modified":"2026-02-16T16:14:51","modified_gmt":"2026-02-16T13:14:51","slug":"ak-parti-genel-baskan-yardimcisi-yayman-usakta-aciklamalarda-bulundu","status":"publish","type":"post","link":"https:\/\/www.egemtv.com\/?p=88274","title":{"rendered":"AK Parti Genel Ba\u015fkan Yard\u0131mc\u0131s\u0131 Yayman U\u015fak\u2019ta a\u00e7\u0131klamalarda bulundu"},"content":{"rendered":"<p>AK Parti Genel Ba\u015fkan Yard\u0131mc\u0131s\u0131 H\u00fcseyin Yayman, bir dizi ziyaretlerde bulunmak i\u00e7in U\u015fak\u2019a geldi.<br \/>\n<br \/>Bir dizi temas ve ziyaret kapsam\u0131nda kente gelen H\u00fcseyin Yayman, AK Parti U\u015fak \u0130l Ba\u015fkanl\u0131\u011f\u0131\u2019nda parti te\u015fkilat\u0131yla bir araya geldi.<br \/>\n<br \/>Program\u0131 kapsam\u0131nda burada a\u00e7\u0131klamalarda bulunan Yayman, AK Parti\u2019nin \u2018Sessiz devrimleri ger\u00e7ekle\u015ftiren bir parti oldu\u011funu vurgulayarak; &#8220;AK Parti sessiz devrimleri ger\u00e7ekle\u015ftiren bir partidir. AK Parti, yap\u0131lamaz denen, ger\u00e7ekle\u015ftirilemez denen hayalleri ger\u00e7ekle\u015ftiren bir partidir. AK Parti, milletimize \u00f6zg\u00fcven kazand\u0131ran \u2019evet ben de yapabilirim\u2019 diyen bir siyasi partinin ad\u0131d\u0131r. Cumhur \u0130ttifak\u0131 olarak T\u00fcrkiye\u2019nin umudu oldu\u011fumuzun fark\u0131nday\u0131z ve T\u00fcrkiye\u2019yi gelece\u011fe ta\u015f\u0131yacak 21. y\u00fczy\u0131l\u0131 T\u00fcrkiye\u2019nin y\u00fczy\u0131l\u0131 yapacak ittifak\u0131n ve siyasetin merkezinin Cumhur \u0130ttifak\u0131 oldu\u011funu g\u00f6r\u00fcyoruz.&#8221; dedi.<br \/>\n<br \/>T\u00fcrkiye\u2019deki muhalefet anlay\u0131\u015f\u0131n\u0131n milli g\u00fcvenlik problemi oldu\u011funu dile getiren Yayman; &#8220;Cumhuriyet Halk Partisi\u2019nin muhalefet anlay\u0131\u015f\u0131 T\u00fcrkiye i\u00e7in bir milli g\u00fcvenlik problemi haline gelmi\u015ftir. Belediyelerde ya\u015fanan skandallar, yolsuzluk iddialar\u0131 ba\u015fl\u0131 ba\u015f\u0131na bir problem alan\u0131d\u0131r. Bununla beraber Cumhuriyet Halk Partisi\u2019nin y\u00f6netti\u011fi belediyelerdeki su problemi, yol problemi, ula\u015f\u0131m problemi ve ya\u015fanan trafik problemi art\u0131k s\u00f6z\u00fcn bitti\u011fi yere gelmi\u015ftir. Bir belediye y\u00f6netimi de\u011fil, \u00e7ile y\u00f6netimi haline gelmi\u015ftir. Dolay\u0131s\u0131yla biz Cumhuriyet Halk Partisi\u2019nin toksik muhalefet anlay\u0131\u015f\u0131n\u0131 zaten g\u00f6r\u00fcyoruz, takip ediyoruz.&#8221; dedi.<br \/>\n<br \/>Ge\u00e7ti\u011fimiz g\u00fcnlerde T\u00fcrkiye B\u00fcy\u00fck Millet Meclisi\u2019nde bakanlar\u0131n yemin t\u00f6reninde ya\u015fananlar\u0131n muhalefetin b\u00f6yle bir anlay\u0131\u015f\u0131 olamayaca\u011f\u0131n\u0131 aktaran Yayman; &#8220;B\u00f6yle bir muhalefet anlay\u0131\u015f\u0131 olamaz. Bu milli iradeye kar\u015f\u0131 sayg\u0131s\u0131zl\u0131kt\u0131r. Bu vesayet\u00e7i, jakoben bir y\u00f6netim anlay\u0131\u015f\u0131d\u0131r. \u2019Biz istemezsek siz bakanlar\u0131n\u0131za yemin ettiremezsiniz\u2019 anlay\u0131\u015f\u0131 maalesef meclisi rehin alma anlay\u0131\u015f\u0131d\u0131r. Bunu kabul etmek m\u00fcmk\u00fcn de\u011fildir. Milletimiz bunu dikkatlice not etmektedir ve biz de Cumhuriyet Halk Partisi\u2019nin bu problemli muhalefet anlay\u0131\u015f\u0131n\u0131 milletimize anlataca\u011f\u0131z.&#8221; dedi.<br \/>\n<br \/>Yayman konu\u015fmas\u0131n\u0131n ard\u0131ndan, partisinin il binas\u0131ndan ayr\u0131larak \u00f6nce 1995 y\u0131l\u0131nda Tunceli\u2019nin P\u00fcl\u00fcm\u00fcr il\u00e7esinde \u015fehit olan Nevzat Y\u0131ld\u0131z\u2019\u0131n ailesini, sonra ise U\u015fak Tekstil Organize Sanayi B\u00f6lgesi\u2019nde iplik \u00fcretimi yapan bir fabrikay\u0131 ziyaret etti.<br \/><\/p>\n","protected":false},"excerpt":{"rendered":"<p>AK Parti Genel Ba\u015fkan Yard\u0131mc\u0131s\u0131 H\u00fcseyin Yayman, bir dizi ziyaretlerde bulunmak i\u00e7in U\u015fak\u2019a geldi. Bir dizi temas ve ziyaret kapsam\u0131nda kente gelen H\u00fcseyin Yayman, AK Parti U\u015fak \u0130l Ba\u015fkanl\u0131\u011f\u0131\u2019nda parti te\u015fkilat\u0131yla bir araya geldi. Program\u0131 kapsam\u0131nda burada a\u00e7\u0131klamalarda bulunan Yayman, AK Parti\u2019nin \u2018Sessiz devrimleri ger\u00e7ekle\u015ftiren bir parti oldu\u011funu vurgulayarak; &#8220;AK Parti sessiz devrimleri ger\u00e7ekle\u015ftiren bir&#8230;<\/p>\n","protected":false},"author":1,"featured_media":88275,"comment_status":"open","ping_status":"open","sticky":false,"template":"","format":"standard","meta":{"_crdt_document":"","footnotes":""},"categories":[127],"tags":[],"class_list":["post-88274","post","type-post","status-publish","format-standard","has-post-thumbnail","hentry","category-siyaset"],"_links":{"self":[{"href":"https:\/\/www.egemtv.com\/index.php?rest_route=\/wp\/v2\/posts\/88274","targetHints":{"allow":["GET"]}}],"collection":[{"href":"https:\/\/www.egemtv.com\/index.php?rest_route=\/wp\/v2\/posts"}],"about":[{"href":"https:\/\/www.egemtv.com\/index.php?rest_route=\/wp\/v2\/types\/post"}],"author":[{"embeddable":true,"href":"https:\/\/www.egemtv.com\/index.php?rest_route=\/wp\/v2\/users\/1"}],"replies":[{"embeddable":true,"href":"https:\/\/www.egemtv.com\/index.php?rest_route=%2Fwp%2Fv2%2Fcomments&post=88274"}],"version-history":[{"count":1,"href":"https:\/\/www.egemtv.com\/index.php?rest_route=\/wp\/v2\/posts\/88274\/revisions"}],"predecessor-version":[{"id":88276,"href":"https:\/\/www.egemtv.com\/index.php?rest_route=\/wp\/v2\/posts\/88274\/revisions\/88276"}],"wp:featuredmedia":[{"embeddable":true,"href":"https:\/\/www.egemtv.com\/index.php?rest_route=\/wp\/v2\/media\/88275"}],"wp:attachment":[{"href":"https:\/\/www.egemtv.com\/index.php?rest_route=%2Fwp%2Fv2%2Fmedia&parent=88274"}],"wp:term":[{"taxonomy":"category","embeddable":true,"href":"https:\/\/www.egemtv.com\/index.php?rest_route=%2Fwp%2Fv2%2Fcategories&post=88274"},{"taxonomy":"post_tag","embeddable":true,"href":"https:\/\/www.egemtv.com\/index.php?rest_route=%2Fwp%2Fv2%2Ftags&post=88274"}],"curies":[{"name":"wp","href":"https:\/\/api.w.org\/{rel}","templated":true}]}}