{"id":88268,"date":"2026-02-16T16:14:48","date_gmt":"2026-02-16T13:14:48","guid":{"rendered":"https:\/\/www.egemtv.com\/?p=88268"},"modified":"2026-02-16T16:14:49","modified_gmt":"2026-02-16T13:14:49","slug":"aydinda-turkuler-dile-geldi-konseri-gerceklestirildi","status":"publish","type":"post","link":"https:\/\/www.egemtv.com\/?p=88268","title":{"rendered":"Ayd\u0131n\u2019da &#8220;T\u00fcrk\u00fcler dile geldi&#8221; konseri ger\u00e7ekle\u015ftirildi"},"content":{"rendered":"<p>Ayd\u0131n B\u00fcy\u00fck\u015fehir Belediye Ba\u015fkan\u0131 \u00d6zlem \u00c7er\u00e7io\u011flu, vatanda\u015flar\u0131 k\u00fclt\u00fcr ve sanat etkinlikleri ile bulu\u015fturmaya devam ediyor.<br \/>\n<br \/>Ayd\u0131n B\u00fcy\u00fck\u015fehir Belediyesi T\u00fcrk Halk M\u00fczi\u011fi Korosu taraf\u0131ndan haz\u0131rlanan \u2018T\u00fcrk\u00fcler Dile Geldi\u2019 konseri ile vatanda\u015flar unutulmaz anlar ya\u015fad\u0131. \u015e\u00fckran G\u00fcng\u00f6r-Y\u0131ld\u0131z Kenter K\u00fclt\u00fcr Merkezi ve Tiyatro Salonu\u2019nda ger\u00e7ekle\u015ftirilen konser, vatanda\u015flar\u0131 ge\u00e7mi\u015f y\u0131llar\u0131n g\u00fczellikleri ile dolu bir yolculu\u011fa \u00e7\u0131kard\u0131. \u015eef \u00d6zcan Y\u0131lmaz y\u00f6netimindeki konserde T\u00fcrk Halk M\u00fczi\u011fi\u2019nin unutulmaz eserleri hep bir a\u011f\u0131zdan s\u00f6ylendi, keyifli anlar ya\u015fand\u0131. Yurdun t\u00fcm y\u00f6relerinden e\u015fsiz eserlerin seslendirildi\u011fi konser, izleyiciler taraf\u0131ndan da b\u00fcy\u00fck be\u011feni ile kar\u015f\u0131land\u0131.<br \/>\n<br \/>M\u00fczikseverler, k\u00fclt\u00fcr ve sanat etkinliklerinin \u00f6nemine dikkat \u00e7ekerek desteklerinden dolay\u0131 Ayd\u0131n B\u00fcy\u00fck\u015fehir Belediye Ba\u015fkan\u0131 \u00d6zlem \u00c7er\u00e7io\u011flu\u2019na te\u015fekk\u00fcr etti.<br \/><\/p>\n","protected":false},"excerpt":{"rendered":"<p>Ayd\u0131n B\u00fcy\u00fck\u015fehir Belediye Ba\u015fkan\u0131 \u00d6zlem \u00c7er\u00e7io\u011flu, vatanda\u015flar\u0131 k\u00fclt\u00fcr ve sanat etkinlikleri ile bulu\u015fturmaya devam ediyor. Ayd\u0131n B\u00fcy\u00fck\u015fehir Belediyesi T\u00fcrk Halk M\u00fczi\u011fi Korosu taraf\u0131ndan haz\u0131rlanan \u2018T\u00fcrk\u00fcler Dile Geldi\u2019 konseri ile vatanda\u015flar unutulmaz anlar ya\u015fad\u0131. \u015e\u00fckran G\u00fcng\u00f6r-Y\u0131ld\u0131z Kenter K\u00fclt\u00fcr Merkezi ve Tiyatro Salonu\u2019nda ger\u00e7ekle\u015ftirilen konser, vatanda\u015flar\u0131 ge\u00e7mi\u015f y\u0131llar\u0131n g\u00fczellikleri ile dolu bir yolculu\u011fa \u00e7\u0131kard\u0131. \u015eef \u00d6zcan Y\u0131lmaz&#8230;<\/p>\n","protected":false},"author":1,"featured_media":88269,"comment_status":"open","ping_status":"open","sticky":false,"template":"","format":"standard","meta":{"_crdt_document":"","footnotes":""},"categories":[1],"tags":[],"class_list":["post-88268","post","type-post","status-publish","format-standard","has-post-thumbnail","hentry","category-guncel"],"_links":{"self":[{"href":"https:\/\/www.egemtv.com\/index.php?rest_route=\/wp\/v2\/posts\/88268","targetHints":{"allow":["GET"]}}],"collection":[{"href":"https:\/\/www.egemtv.com\/index.php?rest_route=\/wp\/v2\/posts"}],"about":[{"href":"https:\/\/www.egemtv.com\/index.php?rest_route=\/wp\/v2\/types\/post"}],"author":[{"embeddable":true,"href":"https:\/\/www.egemtv.com\/index.php?rest_route=\/wp\/v2\/users\/1"}],"replies":[{"embeddable":true,"href":"https:\/\/www.egemtv.com\/index.php?rest_route=%2Fwp%2Fv2%2Fcomments&post=88268"}],"version-history":[{"count":1,"href":"https:\/\/www.egemtv.com\/index.php?rest_route=\/wp\/v2\/posts\/88268\/revisions"}],"predecessor-version":[{"id":88270,"href":"https:\/\/www.egemtv.com\/index.php?rest_route=\/wp\/v2\/posts\/88268\/revisions\/88270"}],"wp:featuredmedia":[{"embeddable":true,"href":"https:\/\/www.egemtv.com\/index.php?rest_route=\/wp\/v2\/media\/88269"}],"wp:attachment":[{"href":"https:\/\/www.egemtv.com\/index.php?rest_route=%2Fwp%2Fv2%2Fmedia&parent=88268"}],"wp:term":[{"taxonomy":"category","embeddable":true,"href":"https:\/\/www.egemtv.com\/index.php?rest_route=%2Fwp%2Fv2%2Fcategories&post=88268"},{"taxonomy":"post_tag","embeddable":true,"href":"https:\/\/www.egemtv.com\/index.php?rest_route=%2Fwp%2Fv2%2Ftags&post=88268"}],"curies":[{"name":"wp","href":"https:\/\/api.w.org\/{rel}","templated":true}]}}