{"id":88265,"date":"2026-02-16T16:14:47","date_gmt":"2026-02-16T13:14:47","guid":{"rendered":"https:\/\/www.egemtv.com\/?p=88265"},"modified":"2026-02-16T16:14:48","modified_gmt":"2026-02-16T13:14:48","slug":"efelerin-sosyal-destek-giyim-noktasi-hizmete-basladi","status":"publish","type":"post","link":"https:\/\/www.egemtv.com\/?p=88265","title":{"rendered":"Efeler\u2019in Sosyal Destek Giyim Noktas\u0131 hizmete ba\u015flad\u0131"},"content":{"rendered":"<p>Efeler Belediye Ba\u015fkan\u0131 An\u0131l Yeti\u015fkin\u2019in sosyal belediyecilik anlay\u0131\u015f\u0131 do\u011frultusunda hayata ge\u00e7irdi\u011fi \u00f6rnek projelerinden biri olan Sosyal Destek Giyim Noktas\u0131 hizmete ba\u015flad\u0131. Ramazan ay\u0131na say\u0131l\u0131 g\u00fcnler kala hizmete giren ve dayan\u0131\u015fmay\u0131 merkezine alan yeni uygulama ile ihtiya\u00e7 sahibi vatanda\u015flar hizmete \u00fccretsiz olarak ula\u015fabilecek.<\/p>\n<p>Ba\u015fkan An\u0131l Yeti\u015fkin\u2019in \u00f6nc\u00fcl\u00fc\u011f\u00fcnde kurulan merkezde; \u00e7ocuk, kad\u0131n ve erkekler i\u00e7in haz\u0131rlanan giyim \u00fcr\u00fcnleri vatanda\u015flara sunuluyor. Sosyal Destek Giyim Noktas\u0131, yaln\u0131zca bir yard\u0131m noktas\u0131 olman\u0131n \u00f6tesinde, Efeler\u2019de payla\u015fma k\u00fclt\u00fcr\u00fcn\u00fc b\u00fcy\u00fcten bir dayan\u0131\u015fma merkezi olarak hizmet veriyor.<\/p>\n<p>Sosyal Destek Giyim Noktas\u0131 ve di\u011fer sosyal yard\u0131mlardan yararlanmak isteyen vatanda\u015flar, ba\u015fvurular\u0131n\u0131 Efe Masa, Efemobil uygulamas\u0131, 444 80 09 numaral\u0131 hat \u00fczerinden ger\u00e7ekle\u015ftirebiliyor.<\/p>\n<p>Efeler Belediyesi Sosyal Yard\u0131m A\u011f\u0131 (EFESYA) kapsam\u0131nda hayata ge\u00e7irilen Karde\u015f Eli Projesi ile bug\u00fcne kadar binlerce ailenin temel ihtiya\u00e7lar\u0131na ula\u015f\u0131l\u0131rken, g\u0131da ve \u00e7e\u015fitli ev e\u015fyalar\u0131 belediye ekipleri taraf\u0131ndan do\u011frudan hanelere teslim ediliyor. A\u00e7\u0131lan Sosyal Destek Giyim Noktas\u0131 ise bu g\u00fc\u00e7l\u00fc sosyal destek zincirinin yeni ve \u00f6nemli bir halkas\u0131 oldu.<\/p>\n<p>Sosyal belediyecili\u011fi yaln\u0131zca ge\u00e7ici yard\u0131mlarla s\u0131n\u0131rl\u0131 g\u00f6rmeyen Ba\u015fkan An\u0131l Yeti\u015fkin, ihtiya\u00e7 sahiplerinin hayat\u0131na dokunan kal\u0131c\u0131 projeler \u00fcretmeye devam ettiklerini belirterek, &#8220;Efeler\u2019de kimse kendini yaln\u0131z hissetmeyecek. Payla\u015fmay\u0131 b\u00fcy\u00fcten, dayan\u0131\u015fmay\u0131 g\u00fc\u00e7lendiren bir kent i\u00e7in \u00e7al\u0131\u015f\u0131yoruz. Bu merkez, sosyal belediyecilik anlay\u0131\u015f\u0131m\u0131z\u0131n somut bir yans\u0131mas\u0131d\u0131r&#8221; ifadelerini kulland\u0131.<br \/><\/p>\n","protected":false},"excerpt":{"rendered":"<p>Efeler Belediye Ba\u015fkan\u0131 An\u0131l Yeti\u015fkin\u2019in sosyal belediyecilik anlay\u0131\u015f\u0131 do\u011frultusunda hayata ge\u00e7irdi\u011fi \u00f6rnek projelerinden biri olan Sosyal Destek Giyim Noktas\u0131 hizmete ba\u015flad\u0131. Ramazan ay\u0131na say\u0131l\u0131 g\u00fcnler kala hizmete giren ve dayan\u0131\u015fmay\u0131 merkezine alan yeni uygulama ile ihtiya\u00e7 sahibi vatanda\u015flar hizmete \u00fccretsiz olarak ula\u015fabilecek. Ba\u015fkan An\u0131l Yeti\u015fkin\u2019in \u00f6nc\u00fcl\u00fc\u011f\u00fcnde kurulan merkezde; \u00e7ocuk, kad\u0131n ve erkekler i\u00e7in haz\u0131rlanan giyim&#8230;<\/p>\n","protected":false},"author":1,"featured_media":88266,"comment_status":"open","ping_status":"open","sticky":false,"template":"","format":"standard","meta":{"_crdt_document":"","footnotes":""},"categories":[1],"tags":[],"class_list":["post-88265","post","type-post","status-publish","format-standard","has-post-thumbnail","hentry","category-guncel"],"_links":{"self":[{"href":"https:\/\/www.egemtv.com\/index.php?rest_route=\/wp\/v2\/posts\/88265","targetHints":{"allow":["GET"]}}],"collection":[{"href":"https:\/\/www.egemtv.com\/index.php?rest_route=\/wp\/v2\/posts"}],"about":[{"href":"https:\/\/www.egemtv.com\/index.php?rest_route=\/wp\/v2\/types\/post"}],"author":[{"embeddable":true,"href":"https:\/\/www.egemtv.com\/index.php?rest_route=\/wp\/v2\/users\/1"}],"replies":[{"embeddable":true,"href":"https:\/\/www.egemtv.com\/index.php?rest_route=%2Fwp%2Fv2%2Fcomments&post=88265"}],"version-history":[{"count":1,"href":"https:\/\/www.egemtv.com\/index.php?rest_route=\/wp\/v2\/posts\/88265\/revisions"}],"predecessor-version":[{"id":88267,"href":"https:\/\/www.egemtv.com\/index.php?rest_route=\/wp\/v2\/posts\/88265\/revisions\/88267"}],"wp:featuredmedia":[{"embeddable":true,"href":"https:\/\/www.egemtv.com\/index.php?rest_route=\/wp\/v2\/media\/88266"}],"wp:attachment":[{"href":"https:\/\/www.egemtv.com\/index.php?rest_route=%2Fwp%2Fv2%2Fmedia&parent=88265"}],"wp:term":[{"taxonomy":"category","embeddable":true,"href":"https:\/\/www.egemtv.com\/index.php?rest_route=%2Fwp%2Fv2%2Fcategories&post=88265"},{"taxonomy":"post_tag","embeddable":true,"href":"https:\/\/www.egemtv.com\/index.php?rest_route=%2Fwp%2Fv2%2Ftags&post=88265"}],"curies":[{"name":"wp","href":"https:\/\/api.w.org\/{rel}","templated":true}]}}