{"id":88262,"date":"2026-02-16T15:54:52","date_gmt":"2026-02-16T12:54:52","guid":{"rendered":"https:\/\/www.egemtv.com\/?p=88262"},"modified":"2026-02-16T15:54:53","modified_gmt":"2026-02-16T12:54:53","slug":"mentesede-kurtlar-cep-telefonu-kamerasina-yansidi","status":"publish","type":"post","link":"https:\/\/www.egemtv.com\/?p=88262","title":{"rendered":"Mente\u015fe\u2019de kurtlar cep telefonu kameras\u0131na yans\u0131d\u0131"},"content":{"rendered":"<p>Mu\u011fla\u2019n\u0131n Mente\u015fe il\u00e7esine ba\u011fl\u0131 D\u00fczeyn mevkiinde bir kurt ve e\u015fi, bir vatanda\u015f taraf\u0131ndan cep telefonu kameras\u0131yla g\u00f6r\u00fcnt\u00fclendi.<\/p>\n<p>Edinilen bilgiye g\u00f6re, Mente\u015fe D\u00fczeyn mevkiinde do\u011fada dola\u015fan iki kurt, b\u00f6lgede bulunan bir vatanda\u015f\u0131n dikkatini \u00e7ekti. Vatanda\u015f, kurtlar\u0131 cep telefonu kameras\u0131yla kaydederek g\u00f6r\u00fcnt\u00fcledi. G\u00f6r\u00fcnt\u00fclerde kurtlar\u0131n \u00e7evreyi g\u00f6zlemleyerek sakin \u015fekilde ilerledi\u011fi g\u00f6r\u00fcl\u00fcrken, herhangi bir sald\u0131rgan davran\u0131\u015f sergilemedikleri \u00f6\u011frenildi.<br \/><\/p>\n","protected":false},"excerpt":{"rendered":"<p>Mu\u011fla\u2019n\u0131n Mente\u015fe il\u00e7esine ba\u011fl\u0131 D\u00fczeyn mevkiinde bir kurt ve e\u015fi, bir vatanda\u015f taraf\u0131ndan cep telefonu kameras\u0131yla g\u00f6r\u00fcnt\u00fclendi. Edinilen bilgiye g\u00f6re, Mente\u015fe D\u00fczeyn mevkiinde do\u011fada dola\u015fan iki kurt, b\u00f6lgede bulunan bir vatanda\u015f\u0131n dikkatini \u00e7ekti. Vatanda\u015f, kurtlar\u0131 cep telefonu kameras\u0131yla kaydederek g\u00f6r\u00fcnt\u00fcledi. G\u00f6r\u00fcnt\u00fclerde kurtlar\u0131n \u00e7evreyi g\u00f6zlemleyerek sakin \u015fekilde ilerledi\u011fi g\u00f6r\u00fcl\u00fcrken, herhangi bir sald\u0131rgan davran\u0131\u015f sergilemedikleri \u00f6\u011frenildi.<\/p>\n","protected":false},"author":1,"featured_media":88263,"comment_status":"open","ping_status":"open","sticky":false,"template":"","format":"standard","meta":{"_crdt_document":"","footnotes":""},"categories":[1],"tags":[],"class_list":["post-88262","post","type-post","status-publish","format-standard","has-post-thumbnail","hentry","category-guncel"],"_links":{"self":[{"href":"https:\/\/www.egemtv.com\/index.php?rest_route=\/wp\/v2\/posts\/88262","targetHints":{"allow":["GET"]}}],"collection":[{"href":"https:\/\/www.egemtv.com\/index.php?rest_route=\/wp\/v2\/posts"}],"about":[{"href":"https:\/\/www.egemtv.com\/index.php?rest_route=\/wp\/v2\/types\/post"}],"author":[{"embeddable":true,"href":"https:\/\/www.egemtv.com\/index.php?rest_route=\/wp\/v2\/users\/1"}],"replies":[{"embeddable":true,"href":"https:\/\/www.egemtv.com\/index.php?rest_route=%2Fwp%2Fv2%2Fcomments&post=88262"}],"version-history":[{"count":1,"href":"https:\/\/www.egemtv.com\/index.php?rest_route=\/wp\/v2\/posts\/88262\/revisions"}],"predecessor-version":[{"id":88264,"href":"https:\/\/www.egemtv.com\/index.php?rest_route=\/wp\/v2\/posts\/88262\/revisions\/88264"}],"wp:featuredmedia":[{"embeddable":true,"href":"https:\/\/www.egemtv.com\/index.php?rest_route=\/wp\/v2\/media\/88263"}],"wp:attachment":[{"href":"https:\/\/www.egemtv.com\/index.php?rest_route=%2Fwp%2Fv2%2Fmedia&parent=88262"}],"wp:term":[{"taxonomy":"category","embeddable":true,"href":"https:\/\/www.egemtv.com\/index.php?rest_route=%2Fwp%2Fv2%2Fcategories&post=88262"},{"taxonomy":"post_tag","embeddable":true,"href":"https:\/\/www.egemtv.com\/index.php?rest_route=%2Fwp%2Fv2%2Ftags&post=88262"}],"curies":[{"name":"wp","href":"https:\/\/api.w.org\/{rel}","templated":true}]}}