{"id":88259,"date":"2026-02-16T15:35:01","date_gmt":"2026-02-16T12:35:01","guid":{"rendered":"https:\/\/www.egemtv.com\/?p=88259"},"modified":"2026-02-16T15:35:02","modified_gmt":"2026-02-16T12:35:02","slug":"buyuksehir-aydinlilari-alabandada-kultur-gezisi-ile-bulusturdu","status":"publish","type":"post","link":"https:\/\/www.egemtv.com\/?p=88259","title":{"rendered":"B\u00fcy\u00fck\u015fehir, Ayd\u0131nl\u0131lar\u0131 Alabanda\u2019da k\u00fclt\u00fcr gezisi ile bulu\u015fturdu"},"content":{"rendered":"<p>Ayd\u0131n B\u00fcy\u00fck\u015fehir Belediyesi taraf\u0131ndan d\u00fczenlenen trekking etkinlikleri devam ediyor.<br \/>\n<br \/>Ayd\u0131nl\u0131 do\u011faseverlerin ve sporcular\u0131n yo\u011fun ilgi g\u00f6sterdi\u011fi y\u00fcr\u00fcy\u00fc\u015flerde vatanda\u015flar; Ayd\u0131n\u2019\u0131n e\u015fsiz g\u00fczellikteki do\u011fas\u0131n\u0131, k\u00fclt\u00fcrel ve tarihi zenginliklerini ziyaret etme, yak\u0131ndan inceleme \u015fans\u0131na eri\u015fiyor.<br \/>\n<br \/>Trekking etkinliklerinin yeni rotas\u0131 \u00c7ine il\u00e7esinde bulunan Alabanda Antik Kenti oldu. Arkeoloji ve k\u00fclt\u00fcr y\u00fcr\u00fcy\u00fc\u015f\u00fcne vatanda\u015flar da yo\u011fun ilgi g\u00f6sterdi. Tarihi milattan \u00f6nce 4\u2019\u00fcnc\u00fc y\u00fczy\u0131la dayanan antik kentte ger\u00e7ekle\u015ftirilen arkeoloji ve k\u00fclt\u00fcr y\u00fcr\u00fcy\u00fc\u015f\u00fcnde vatanda\u015flara Ayd\u0131n B\u00fcy\u00fck\u015fehir Belediyesi\u2019nin uzman personelleri de e\u015flik etti, b\u00f6lge hakk\u0131nda bilgi verdi.<br \/>\n<br \/>Etkinli\u011fe kat\u0131lan do\u011faseverler ve sporcular unutulmaz bir g\u00fcn ya\u015fad\u0131klar\u0131n\u0131 belirterek Ayd\u0131n B\u00fcy\u00fck\u015fehir Belediye Ba\u015fkan\u0131 \u00d6zlem \u00c7er\u00e7io\u011flu\u2019na te\u015fekk\u00fcr etti.<br \/><\/p>\n","protected":false},"excerpt":{"rendered":"<p>Ayd\u0131n B\u00fcy\u00fck\u015fehir Belediyesi taraf\u0131ndan d\u00fczenlenen trekking etkinlikleri devam ediyor. Ayd\u0131nl\u0131 do\u011faseverlerin ve sporcular\u0131n yo\u011fun ilgi g\u00f6sterdi\u011fi y\u00fcr\u00fcy\u00fc\u015flerde vatanda\u015flar; Ayd\u0131n\u2019\u0131n e\u015fsiz g\u00fczellikteki do\u011fas\u0131n\u0131, k\u00fclt\u00fcrel ve tarihi zenginliklerini ziyaret etme, yak\u0131ndan inceleme \u015fans\u0131na eri\u015fiyor. Trekking etkinliklerinin yeni rotas\u0131 \u00c7ine il\u00e7esinde bulunan Alabanda Antik Kenti oldu. Arkeoloji ve k\u00fclt\u00fcr y\u00fcr\u00fcy\u00fc\u015f\u00fcne vatanda\u015flar da yo\u011fun ilgi g\u00f6sterdi. Tarihi milattan \u00f6nce&#8230;<\/p>\n","protected":false},"author":1,"featured_media":88260,"comment_status":"open","ping_status":"open","sticky":false,"template":"","format":"standard","meta":{"_crdt_document":"","footnotes":""},"categories":[1],"tags":[],"class_list":["post-88259","post","type-post","status-publish","format-standard","has-post-thumbnail","hentry","category-guncel"],"_links":{"self":[{"href":"https:\/\/www.egemtv.com\/index.php?rest_route=\/wp\/v2\/posts\/88259","targetHints":{"allow":["GET"]}}],"collection":[{"href":"https:\/\/www.egemtv.com\/index.php?rest_route=\/wp\/v2\/posts"}],"about":[{"href":"https:\/\/www.egemtv.com\/index.php?rest_route=\/wp\/v2\/types\/post"}],"author":[{"embeddable":true,"href":"https:\/\/www.egemtv.com\/index.php?rest_route=\/wp\/v2\/users\/1"}],"replies":[{"embeddable":true,"href":"https:\/\/www.egemtv.com\/index.php?rest_route=%2Fwp%2Fv2%2Fcomments&post=88259"}],"version-history":[{"count":1,"href":"https:\/\/www.egemtv.com\/index.php?rest_route=\/wp\/v2\/posts\/88259\/revisions"}],"predecessor-version":[{"id":88261,"href":"https:\/\/www.egemtv.com\/index.php?rest_route=\/wp\/v2\/posts\/88259\/revisions\/88261"}],"wp:featuredmedia":[{"embeddable":true,"href":"https:\/\/www.egemtv.com\/index.php?rest_route=\/wp\/v2\/media\/88260"}],"wp:attachment":[{"href":"https:\/\/www.egemtv.com\/index.php?rest_route=%2Fwp%2Fv2%2Fmedia&parent=88259"}],"wp:term":[{"taxonomy":"category","embeddable":true,"href":"https:\/\/www.egemtv.com\/index.php?rest_route=%2Fwp%2Fv2%2Fcategories&post=88259"},{"taxonomy":"post_tag","embeddable":true,"href":"https:\/\/www.egemtv.com\/index.php?rest_route=%2Fwp%2Fv2%2Ftags&post=88259"}],"curies":[{"name":"wp","href":"https:\/\/api.w.org\/{rel}","templated":true}]}}