{"id":88256,"date":"2026-02-16T15:35:00","date_gmt":"2026-02-16T12:35:00","guid":{"rendered":"https:\/\/www.egemtv.com\/?p=88256"},"modified":"2026-02-16T15:35:01","modified_gmt":"2026-02-16T12:35:01","slug":"kulada-aranan-3-sahis-tutuklandi","status":"publish","type":"post","link":"https:\/\/www.egemtv.com\/?p=88256","title":{"rendered":"Kula\u2019da aranan 3 \u015fah\u0131s tutukland\u0131"},"content":{"rendered":"<p>MAN\u0130SA (\u0130HA) \u2013 Manisa\u2019n\u0131n Kula il\u00e7esinde, \u0130l\u00e7e Emniyet M\u00fcd\u00fcrl\u00fc\u011f\u00fc ekiplerince aranan \u015fah\u0131slara ve uyu\u015fturucu kullan\u0131m\u0131na y\u00f6nelik ger\u00e7ekle\u015ftirilen \u00e7al\u0131\u015fmalarda 6 aranan \u015fah\u0131s yakalan\u0131rken, 3\u2019\u00fc tutukland\u0131. Yap\u0131lan \u00e7al\u0131\u015fmalarda ayr\u0131ca 11 ki\u015fi hakk\u0131nda uyu\u015fturucu madde bulundurmaktan i\u015flem yap\u0131ld\u0131\u011f\u0131 \u00f6\u011frenildi.<br \/>\n<br \/>Kula \u0130l\u00e7e Emniyet M\u00fcd\u00fcrl\u00fc\u011f\u00fc ekipleri, haklar\u0131nda yakalama karar\u0131 bulunan \u015fah\u0131slara y\u00f6nelik y\u00fcr\u00fctt\u00fckleri titiz \u00e7al\u0131\u015fmalar kapsam\u0131nda yapt\u0131klar\u0131 kontrollerde toplam 6 ki\u015fiyi g\u00f6zalt\u0131na ald\u0131. Emniyetteki i\u015flemlerinin ard\u0131ndan adliyeye sevk edilen \u015fah\u0131slardan 3\u2019\u00fc tutuklanarak cezaevine g\u00f6nderildi. 2 ki\u015fi hakk\u0131nda adli para cezas\u0131 uygulan\u0131rken, 1 ki\u015fi ise ifadesinin al\u0131nmas\u0131n\u0131n ard\u0131ndan serbest b\u0131rak\u0131ld\u0131.<br \/>\n<br \/>Yakalanan \u015fah\u0131slar\u0131n; hakaret, doland\u0131r\u0131c\u0131l\u0131k, basit yaralama, uyu\u015fturucu veya alkol etkisinde ara\u00e7 kullanma, kasten yaralama, ruhsats\u0131z ate\u015fli silah ve mermi bulundurma ile taksirle \u00f6l\u00fcme neden olma su\u00e7lar\u0131ndan arand\u0131klar\u0131 \u00f6\u011frenildi.<br \/>\n<br \/>\u00d6te yandan il\u00e7ede uyu\u015fturucu kullan\u0131m\u0131n\u0131n \u00f6nlenmesine y\u00f6nelik s\u00fcrd\u00fcr\u00fclen \u00e7al\u0131\u015fmalar kapsam\u0131nda yap\u0131lan denetimlerde 11 ki\u015fi hakk\u0131nda, \u00fczerlerinde uyu\u015fturucu madde ve uyu\u015fturucu kullan\u0131m aparatlar\u0131 bulundurmaktan adli i\u015flem ba\u015flat\u0131ld\u0131\u011f\u0131 bildirildi.<br \/><\/p>\n","protected":false},"excerpt":{"rendered":"<p>MAN\u0130SA (\u0130HA) \u2013 Manisa\u2019n\u0131n Kula il\u00e7esinde, \u0130l\u00e7e Emniyet M\u00fcd\u00fcrl\u00fc\u011f\u00fc ekiplerince aranan \u015fah\u0131slara ve uyu\u015fturucu kullan\u0131m\u0131na y\u00f6nelik ger\u00e7ekle\u015ftirilen \u00e7al\u0131\u015fmalarda 6 aranan \u015fah\u0131s yakalan\u0131rken, 3\u2019\u00fc tutukland\u0131. Yap\u0131lan \u00e7al\u0131\u015fmalarda ayr\u0131ca 11 ki\u015fi hakk\u0131nda uyu\u015fturucu madde bulundurmaktan i\u015flem yap\u0131ld\u0131\u011f\u0131 \u00f6\u011frenildi. Kula \u0130l\u00e7e Emniyet M\u00fcd\u00fcrl\u00fc\u011f\u00fc ekipleri, haklar\u0131nda yakalama karar\u0131 bulunan \u015fah\u0131slara y\u00f6nelik y\u00fcr\u00fctt\u00fckleri titiz \u00e7al\u0131\u015fmalar kapsam\u0131nda yapt\u0131klar\u0131 kontrollerde toplam 6&#8230;<\/p>\n","protected":false},"author":1,"featured_media":88257,"comment_status":"open","ping_status":"open","sticky":false,"template":"","format":"standard","meta":{"_crdt_document":"","footnotes":""},"categories":[5],"tags":[],"class_list":["post-88256","post","type-post","status-publish","format-standard","has-post-thumbnail","hentry","category-asayis"],"_links":{"self":[{"href":"https:\/\/www.egemtv.com\/index.php?rest_route=\/wp\/v2\/posts\/88256","targetHints":{"allow":["GET"]}}],"collection":[{"href":"https:\/\/www.egemtv.com\/index.php?rest_route=\/wp\/v2\/posts"}],"about":[{"href":"https:\/\/www.egemtv.com\/index.php?rest_route=\/wp\/v2\/types\/post"}],"author":[{"embeddable":true,"href":"https:\/\/www.egemtv.com\/index.php?rest_route=\/wp\/v2\/users\/1"}],"replies":[{"embeddable":true,"href":"https:\/\/www.egemtv.com\/index.php?rest_route=%2Fwp%2Fv2%2Fcomments&post=88256"}],"version-history":[{"count":1,"href":"https:\/\/www.egemtv.com\/index.php?rest_route=\/wp\/v2\/posts\/88256\/revisions"}],"predecessor-version":[{"id":88258,"href":"https:\/\/www.egemtv.com\/index.php?rest_route=\/wp\/v2\/posts\/88256\/revisions\/88258"}],"wp:featuredmedia":[{"embeddable":true,"href":"https:\/\/www.egemtv.com\/index.php?rest_route=\/wp\/v2\/media\/88257"}],"wp:attachment":[{"href":"https:\/\/www.egemtv.com\/index.php?rest_route=%2Fwp%2Fv2%2Fmedia&parent=88256"}],"wp:term":[{"taxonomy":"category","embeddable":true,"href":"https:\/\/www.egemtv.com\/index.php?rest_route=%2Fwp%2Fv2%2Fcategories&post=88256"},{"taxonomy":"post_tag","embeddable":true,"href":"https:\/\/www.egemtv.com\/index.php?rest_route=%2Fwp%2Fv2%2Ftags&post=88256"}],"curies":[{"name":"wp","href":"https:\/\/api.w.org\/{rel}","templated":true}]}}