{"id":88253,"date":"2026-02-16T15:34:59","date_gmt":"2026-02-16T12:34:59","guid":{"rendered":"https:\/\/www.egemtv.com\/?p=88253"},"modified":"2026-02-16T15:35:00","modified_gmt":"2026-02-16T12:35:00","slug":"bergama-ticaret-merkezinin-temeli-atildi","status":"publish","type":"post","link":"https:\/\/www.egemtv.com\/?p=88253","title":{"rendered":"Bergama Ticaret Merkezi\u2019nin temeli at\u0131ld\u0131"},"content":{"rendered":"<p>Bergama Belediyesi taraf\u0131ndan kent merkezinde yap\u0131lacak olan Bergama Ticaret Merkezi\u2019nin temeli t\u00f6renle at\u0131ld\u0131. Ba\u015fkan Prof. Dr. Tanju \u00c7elik, bu yat\u0131r\u0131m\u0131 belediyenin \u00f6z kaynaklar\u0131 ile hayata ge\u00e7ireceklerini s\u00f6yledi.<br \/>\n<br \/>UNESCO D\u00fcnya Miras\u0131 Listesi\u2019nde yer alan Bergama\u2019ya yeni bir dinamizm kazand\u0131rmay\u0131 ama\u00e7layan yat\u0131r\u0131m\u0131n temel atma t\u00f6renine Bergama Kaymakam\u0131 Avni Oral, \u0130zmir B\u00fcy\u00fck\u015fehir Belediyesi Ba\u015fkan Vekili Dr. Zafer Levent Y\u0131ld\u0131r, Bergama Belediye Ba\u015fkan\u0131 Prof. Dr. Tanju \u00c7elik, K\u0131n\u0131k Belediye Ba\u015fkan\u0131 Sema Bodur ile \u00e7ok say\u0131da vatanda\u015f kat\u0131ld\u0131.<br \/>\n<br \/>T\u00f6rende konu\u015fan \u0130zmir B\u00fcy\u00fck\u015fehir Belediyesi Ba\u015fkan Vekili Dr. Zafer Levent Y\u0131ld\u0131r, Bergama\u2019n\u0131n ta\u015f\u0131nda tarih, topra\u011f\u0131nda \u00fcretim, insan\u0131nda emek oldu\u011funu s\u00f6yledi. Bu topraklar\u0131n UNESCO D\u00fcnya Miras\u0131 gibi bir de\u011feri ta\u015f\u0131d\u0131\u011f\u0131n\u0131 anlatan Y\u0131ld\u0131r, &#8220;Topra\u011f\u0131nda \u00fcretim var. \u00c7\u00fcnk\u00fc tar\u0131m\u0131yla, hayvanc\u0131l\u0131\u011f\u0131yla, zeytiniyle, s\u00fct\u00fcyle, bereketiyle Bak\u0131r\u00e7ay Havzas\u0131\u2019n\u0131n ba\u015fkenti konumunda. \u0130nsan\u0131nda emek var. \u00c7\u00fcnk\u00fc buras\u0131n\u0131n insan\u0131 \u00e7al\u0131\u015fkanl\u0131\u011f\u0131yla, azmiyle, \u00fcretti\u011fini b\u00fcy\u00fctme iradesiyle bug\u00fcnlere geldi&#8221; dedi.<\/p>\n<p>Bergama\u2019ya yap\u0131lan yat\u0131r\u0131mlar\u0131 anlatt\u0131<br \/>\n<br \/>Bug\u00fcn hala 28 bin \u00fcreticinin bu topraklardan ge\u00e7imini sa\u011flad\u0131\u011f\u0131n\u0131 an\u0131msatan Y\u0131ld\u0131r, &#8220;B\u00f6ylesi bir mirasa, b\u00f6ylesi bir \u00fcretim g\u00fcc\u00fcne ve insan eme\u011fine sahip bir il\u00e7eye g\u00f6z\u00fcm\u00fcz gibi bakmam\u0131z gerekiyor. Y\u00fczy\u0131llar boyunca bilimin, sa\u011fl\u0131\u011f\u0131n, k\u00fclt\u00fcr\u00fcn ve \u00fcretimin merkezi olmu\u015f bir yerle\u015fim yeri buras\u0131. Temelini att\u0131\u011f\u0131m\u0131z bu merkez; ticari alanlar\u0131 ve ofisleriyle il\u00e7enin ekonomisine do\u011frudan ivme kazand\u0131racak. Bergamal\u0131lar i\u00e7in yeni kap\u0131lar\u0131n, yeni umutlar\u0131n merkezi olacak. Bergama\u2019ya yap\u0131lan her yat\u0131r\u0131m, tarihe sahip \u00e7\u0131kmakt\u0131r, \u00fcretimi b\u00fcy\u00fctmektir, eme\u011fi g\u00fc\u00e7lendirmektir. Biz bunun fark\u0131nday\u0131z. \u0130zmir B\u00fcy\u00fck\u015fehir Belediyesi olarak g\u00f6reve geldi\u011fimiz g\u00fcnden beri Bergama\u2019ya yapt\u0131\u011f\u0131m\u0131z yat\u0131r\u0131m miktar\u0131 860 milyon liray\u0131 a\u015fm\u0131\u015f durumda&#8221; dedi.<\/p>\n<p>Bergama Belediyesi \u00f6z kaynaklar\u0131yla hayat bulacak<br \/>\n<br \/>Se\u00e7ildikten sonra ilk kez bir projenin temelini att\u0131\u011f\u0131n\u0131 belirten Bergama Belediye Ba\u015fkan\u0131 Prof. Dr. Tanju \u00c7elik ise &#8220;Bu benim belediye ba\u015fkanl\u0131\u011f\u0131m d\u00f6neminde yapt\u0131\u011f\u0131m ilk in\u015faat diyebilirim. Bu nedenle \u00e7ok de\u011ferli buluyorum&#8221; diye konu\u015ftu. Daha g\u00fc\u00e7l\u00fc bir Bergama Belediyesi i\u00e7in \u00e7al\u0131\u015ft\u0131klar\u0131n\u0131 an\u0131msatan \u00c7elik, \u015funlar\u0131 s\u00f6yledi: &#8220;Ticaret Merkezi olarak in\u015fa edece\u011fimiz bu merkezde \u00f6nemli hizmetler yap\u0131lacak. Bodrum kat, zemin kat ve zemin kat \u00fczeri 4 kat \u015feklinde. Yakla\u015f\u0131k 900 metrekare oturma alan\u0131 olan bir in\u015faat alan\u0131nda ticaret merkezi yapaca\u011f\u0131z. Bu yat\u0131r\u0131m\u0131 \u00f6z kaynaklar\u0131m\u0131zla yapaca\u011f\u0131z. Yakla\u015f\u0131k bir y\u0131l i\u00e7erisinde de bu in\u015faat\u0131m\u0131z\u0131 yapmay\u0131 hedefliyoruz. Ya\u015fanabilir bir Bergama, daha sa\u011fl\u0131kl\u0131 bir Bergama i\u00e7in hizmet etmeye devam edece\u011fiz.&#8221;<\/p>\n<p>\u0130l\u00e7enin tarihi \u00f6nemine de\u011findi<br \/>\n<br \/>Bergama Kaymakam\u0131 Avni Oral ise il\u00e7enin tarihsel \u00f6nemine de\u011findi. Bergama\u2019n\u0131n kadim medeniyet merkezi oldu\u011funu vurgulayan Oral, &#8220;Bu b\u00f6lge tarihin her d\u00f6neminde \u00e7e\u015fitli topluluklara ev sahipli\u011fi yapm\u0131\u015f. Dolay\u0131s\u0131yla farkl\u0131 medeniyetlerin, farkl\u0131 topluluklar\u0131n yans\u0131malar\u0131n\u0131 g\u00fcn\u00fcm\u00fcze ta\u015f\u0131yor. Kafam\u0131z\u0131 nereye \u00e7evirsek ola\u011fan\u00fcst\u00fc g\u00fczel bir mimari eserle kar\u015f\u0131 kar\u015f\u0131ya geliyoruz. Dolay\u0131s\u0131yla Bergama\u2019da yapaca\u011f\u0131m\u0131z her yat\u0131r\u0131mda mutlaka bu tarihi misyonun sorumlulu\u011funu da \u00fczerimizde hissetmeliyiz&#8221; dedi.<br \/>\n<br \/>Konu\u015fmalar\u0131n ard\u0131ndan merkezin temeli dualar e\u015fli\u011finde at\u0131ld\u0131.<br \/><\/p>\n","protected":false},"excerpt":{"rendered":"<p>Bergama Belediyesi taraf\u0131ndan kent merkezinde yap\u0131lacak olan Bergama Ticaret Merkezi\u2019nin temeli t\u00f6renle at\u0131ld\u0131. Ba\u015fkan Prof. Dr. Tanju \u00c7elik, bu yat\u0131r\u0131m\u0131 belediyenin \u00f6z kaynaklar\u0131 ile hayata ge\u00e7ireceklerini s\u00f6yledi. UNESCO D\u00fcnya Miras\u0131 Listesi\u2019nde yer alan Bergama\u2019ya yeni bir dinamizm kazand\u0131rmay\u0131 ama\u00e7layan yat\u0131r\u0131m\u0131n temel atma t\u00f6renine Bergama Kaymakam\u0131 Avni Oral, \u0130zmir B\u00fcy\u00fck\u015fehir Belediyesi Ba\u015fkan Vekili Dr. Zafer Levent&#8230;<\/p>\n","protected":false},"author":1,"featured_media":88254,"comment_status":"open","ping_status":"open","sticky":false,"template":"","format":"standard","meta":{"_crdt_document":"","footnotes":""},"categories":[125],"tags":[],"class_list":["post-88253","post","type-post","status-publish","format-standard","has-post-thumbnail","hentry","category-ekonomi"],"_links":{"self":[{"href":"https:\/\/www.egemtv.com\/index.php?rest_route=\/wp\/v2\/posts\/88253","targetHints":{"allow":["GET"]}}],"collection":[{"href":"https:\/\/www.egemtv.com\/index.php?rest_route=\/wp\/v2\/posts"}],"about":[{"href":"https:\/\/www.egemtv.com\/index.php?rest_route=\/wp\/v2\/types\/post"}],"author":[{"embeddable":true,"href":"https:\/\/www.egemtv.com\/index.php?rest_route=\/wp\/v2\/users\/1"}],"replies":[{"embeddable":true,"href":"https:\/\/www.egemtv.com\/index.php?rest_route=%2Fwp%2Fv2%2Fcomments&post=88253"}],"version-history":[{"count":1,"href":"https:\/\/www.egemtv.com\/index.php?rest_route=\/wp\/v2\/posts\/88253\/revisions"}],"predecessor-version":[{"id":88255,"href":"https:\/\/www.egemtv.com\/index.php?rest_route=\/wp\/v2\/posts\/88253\/revisions\/88255"}],"wp:featuredmedia":[{"embeddable":true,"href":"https:\/\/www.egemtv.com\/index.php?rest_route=\/wp\/v2\/media\/88254"}],"wp:attachment":[{"href":"https:\/\/www.egemtv.com\/index.php?rest_route=%2Fwp%2Fv2%2Fmedia&parent=88253"}],"wp:term":[{"taxonomy":"category","embeddable":true,"href":"https:\/\/www.egemtv.com\/index.php?rest_route=%2Fwp%2Fv2%2Fcategories&post=88253"},{"taxonomy":"post_tag","embeddable":true,"href":"https:\/\/www.egemtv.com\/index.php?rest_route=%2Fwp%2Fv2%2Ftags&post=88253"}],"curies":[{"name":"wp","href":"https:\/\/api.w.org\/{rel}","templated":true}]}}