{"id":88247,"date":"2026-02-16T15:15:02","date_gmt":"2026-02-16T12:15:02","guid":{"rendered":"https:\/\/www.egemtv.com\/?p=88247"},"modified":"2026-02-16T15:15:03","modified_gmt":"2026-02-16T12:15:03","slug":"bilim-demirci-bolgenin-egitim-ussu-oldu","status":"publish","type":"post","link":"https:\/\/www.egemtv.com\/?p=88247","title":{"rendered":"Bilim Demirci b\u00f6lgenin e\u011fitim \u00fcss\u00fc oldu"},"content":{"rendered":"<p>Manisa\u2019n\u0131n Demirci il\u00e7esinde, Demirci Belediyesi taraf\u0131ndan hayata ge\u00e7irilen ve T\u00fcrkiye\u2019nin 41\u2019inci bilim merkezi olma \u00f6zelli\u011fini ta\u015f\u0131yan &#8220;Bilim Demirci&#8221;, k\u0131sa s\u00fcrede binlerce \u00f6\u011frenciyi bilim ve teknolojiyle bulu\u015fturdu. A\u00e7\u0131ld\u0131\u011f\u0131 g\u00fcnden bu yana ge\u00e7en 4 ayl\u0131k s\u00fcrede merkezden 4 bin 500 \u00f6\u011frencinin faydaland\u0131\u011f\u0131 \u00f6\u011frenildi.<br \/>\n<br \/>T\u00fcrkiye Bilimsel ve Teknolojik Ara\u015ft\u0131rma Kurumu\u2019nun (T\u00dcB\u0130TAK) 4003 K\u00fc\u00e7\u00fck \u00d6l\u00e7ekli Bilim Merkezi Destek Program\u0131 kapsam\u0131nda destek almaya hak kazanan \u2019Bilim Demirci\u2019 Prosi, Demirci Belediyesi taraf\u0131ndan haz\u0131rlanarak il\u00e7eye kazand\u0131r\u0131ld\u0131. Proje kapsam\u0131nda il\u00e7ede bulunan eski Demirci Lisesi binas\u0131 ba\u015ftan sona yenilenerek modern bir bilim merkezine d\u00f6n\u00fc\u015ft\u00fcr\u00fcld\u00fc ve &#8220;Bilim Demirci&#8221; ad\u0131yla hizmet vermeye ba\u015flad\u0131.<br \/>\n<br \/>Bilim Demirci, \u00e7ocuklar ve gen\u00e7lerin bilimsel d\u00fc\u015f\u00fcnme becerilerini geli\u015ftirmeyi, bilime olan ilgilerini art\u0131rmay\u0131 ve uygulamal\u0131 e\u011fitimlerle \u00f6\u011frenmelerini sa\u011flamay\u0131 hedefliyor.<br \/>\n<br \/>Merkez, yaln\u0131zca Demirci\u2019deki \u00f6\u011frencilere de\u011fil, \u00e7evre il\u00e7e ve k\u0131rsal mahallelerde ya\u015fayan \u00f6\u011frencilere de hizmet vererek b\u00f6lgesel \u00f6l\u00e7ekte \u00f6nemli bir e\u011fitim yat\u0131r\u0131m\u0131 olarak \u00f6ne \u00e7\u0131k\u0131yor.<br \/>\n<br \/>Projeye, T\u00dcB\u0130TAK\u2019\u0131n yan\u0131 s\u0131ra T\u00fcrkiye Teknoloji Tak\u0131m\u0131 Vakf\u0131 (T3 Vakf\u0131) da destek veriyor. Bu desteklerle birlikte merkez, modern e\u011fitim materyalleri ve donan\u0131ml\u0131 at\u00f6lyeleriyle \u00f6\u011frencilerin bilimsel s\u00fcre\u00e7leri uygulamal\u0131 olarak deneyimleyebilece\u011fi bir ortam sunuyor.<br \/>\n<br \/>Merkez b\u00fcnyesinde Do\u011fa Bilimleri At\u00f6lyesi, Matematik At\u00f6lyesi, Astronomi, Uzay ve Havac\u0131l\u0131k At\u00f6lyesi, Tasar\u0131m At\u00f6lyesi ile Teknoloji At\u00f6lyesi yer al\u0131yor. Bu at\u00f6lyelerde \u00f6\u011frenciler; deney d\u00fczenekleri, g\u00f6zlem \u00e7al\u0131\u015fmalar\u0131, proje tabanl\u0131 e\u011fitimler ve interaktif etkinliklerle bilimsel kavramlar\u0131 uygulamal\u0131 olarak \u00f6\u011frenme f\u0131rsat\u0131 buluyor.  Bilim Demirci\u2019de d\u00fczenlenen at\u00f6lye \u00e7al\u0131\u015fmalar\u0131, bilim etkinlikleri ve e\u011fitim programlar\u0131 sayesinde \u00f6\u011frencilerin erken ya\u015fta bilimle tan\u0131\u015fmas\u0131, ara\u015ft\u0131rma ve ke\u015ffetme becerilerinin geli\u015fmesi hedefleniyor. Bilim Demirci uygulamal\u0131 e\u011fitimlere zaman zaman ailelerde kat\u0131l\u0131m sa\u011flayarak \u00e7ocuklar\u0131 ile birlikte merkezin \u00e7al\u0131\u015fmalar\u0131nda yer al\u0131yorlar. Merkezin, gelece\u011fin m\u00fchendisleri, bilim insanlar\u0131n\u0131n yeti\u015fmesine katk\u0131 sa\u011flamas\u0131 ama\u00e7lan\u0131yor.<br \/>\n<br \/>\u00d6\u011frencilerden Ahsen Korkmaz, &#8220;Buraya geldi\u011fim zaman heyecan duyuyorum. Kendi evimizde yapamayaca\u011f\u0131m\u0131z deneyler \u00f6\u011freniyoruz. Bilim Demirci\u2019de matematikten tasar\u0131ma kadar bir\u00e7ok konuda \u00f6nemli \u00e7al\u0131\u015fmalar yap\u0131yorum&#8221; dedi.<br \/>\n<br \/>Ay\u015fe Hafize \u00c7etin isimli \u00f6\u011frenci, &#8220;Bilim Demirci her \u00f6\u011frenci i\u00e7in b\u00fcy\u00fck bir avantaj. Teorik \u00f6\u011frenmenin yan\u0131nda uygulamalar\u0131 \u00e7al\u0131\u015fmalarla da g\u00fczel projeler ortaya \u00e7\u0131kar\u0131yoruz&#8221; derken bir di\u011fer \u00f6\u011frenci Muhammed Eymen \u00c7elebi ise &#8220;Fizik ve Biyoloji de \u00e7ok g\u00fczel deneyler yapt\u0131k. Mikroskobu \u00e7ok merak ediyordum. Mikroskop ile \u00e7ok g\u00fczel \u00e7al\u0131\u015fmalar yapt\u0131k&#8221; ifadelerini kulland\u0131.<br \/>\n<br \/>Astronomi, Uzay ve Havac\u0131l\u0131k At\u00f6lyesi \u00d6\u011fretmeni Duygu Aci de \u015funlar\u0131 s\u00f6yledi: &#8220;Bilim Demirci 2025 Eyl\u00fcl ay\u0131 itibariyle faaliyete ge\u00e7ti. Bilim Merkezindeki amac\u0131m\u0131z \u00f6\u011frencilerimizin ya\u015fayarak ve severek \u00f6\u011frenmelerini sa\u011flamak. S\u00fcrekli etkinlik yaparak \u00f6\u011frendikleri akademik bilgileri uygulama e\u011fitimleri ile proje alan\u0131na y\u00f6neltmek.&#8221;<br \/>\n<br \/>Demirci\u2019nin bir e\u011fitim kenti oldu\u011funa dikkat \u00e7eken Demirci Belediye Ba\u015fkan\u0131 Erkan Kara ise \u015funlar\u0131 s\u00f6yledi: &#8220;T\u00fcrkiye\u2019nin 41. Bilim Merkezini T\u00dcB\u0130TAK\u2019a haz\u0131rlad\u0131\u011f\u0131m\u0131z proje ile kazand\u0131rd\u0131k. 4003 B k\u00fc\u00e7\u00fck \u00f6l\u00e7ekli T\u00dcB\u0130TAK destekli Bilim Demirci\u2019ye T3 Vakf\u0131 \u2019da destek veriyor. Eski Demirci Lisesinin 2. Kat\u0131n\u0131 restore ederek Bilim Demirci\u2019ye d\u00f6n\u00fc\u015ft\u00fcrd\u00fck. E\u011fitim kenti olan Demirci\u2019miz i\u00e7in bu yat\u0131r\u0131m gelece\u011fimiz olan \u00f6\u011frencilerimizin e\u011fitim hayat\u0131na b\u00fcy\u00fck katk\u0131 sunacak. Bu projeyi destekleyen Sanayi ve Teknoloji Bakan\u0131m\u0131z Mehmet Fatih Kac\u0131r\u2019a, Bakan yard\u0131mc\u0131lar\u0131m\u0131za, T3 Vakf\u0131 M\u00fctevelli Heyeti Ba\u015fkan\u0131 Sel\u00e7uk Bayraktar\u2019a il\u00e7em ad\u0131na te\u015fekk\u00fcr ediyorum&#8221;<br \/><\/p>\n","protected":false},"excerpt":{"rendered":"<p>Manisa\u2019n\u0131n Demirci il\u00e7esinde, Demirci Belediyesi taraf\u0131ndan hayata ge\u00e7irilen ve T\u00fcrkiye\u2019nin 41\u2019inci bilim merkezi olma \u00f6zelli\u011fini ta\u015f\u0131yan &#8220;Bilim Demirci&#8221;, k\u0131sa s\u00fcrede binlerce \u00f6\u011frenciyi bilim ve teknolojiyle bulu\u015fturdu. A\u00e7\u0131ld\u0131\u011f\u0131 g\u00fcnden bu yana ge\u00e7en 4 ayl\u0131k s\u00fcrede merkezden 4 bin 500 \u00f6\u011frencinin faydaland\u0131\u011f\u0131 \u00f6\u011frenildi. T\u00fcrkiye Bilimsel ve Teknolojik Ara\u015ft\u0131rma Kurumu\u2019nun (T\u00dcB\u0130TAK) 4003 K\u00fc\u00e7\u00fck \u00d6l\u00e7ekli Bilim Merkezi Destek Program\u0131&#8230;<\/p>\n","protected":false},"author":1,"featured_media":88248,"comment_status":"open","ping_status":"open","sticky":false,"template":"","format":"standard","meta":{"_crdt_document":"","footnotes":""},"categories":[1],"tags":[],"class_list":["post-88247","post","type-post","status-publish","format-standard","has-post-thumbnail","hentry","category-guncel"],"_links":{"self":[{"href":"https:\/\/www.egemtv.com\/index.php?rest_route=\/wp\/v2\/posts\/88247","targetHints":{"allow":["GET"]}}],"collection":[{"href":"https:\/\/www.egemtv.com\/index.php?rest_route=\/wp\/v2\/posts"}],"about":[{"href":"https:\/\/www.egemtv.com\/index.php?rest_route=\/wp\/v2\/types\/post"}],"author":[{"embeddable":true,"href":"https:\/\/www.egemtv.com\/index.php?rest_route=\/wp\/v2\/users\/1"}],"replies":[{"embeddable":true,"href":"https:\/\/www.egemtv.com\/index.php?rest_route=%2Fwp%2Fv2%2Fcomments&post=88247"}],"version-history":[{"count":1,"href":"https:\/\/www.egemtv.com\/index.php?rest_route=\/wp\/v2\/posts\/88247\/revisions"}],"predecessor-version":[{"id":88249,"href":"https:\/\/www.egemtv.com\/index.php?rest_route=\/wp\/v2\/posts\/88247\/revisions\/88249"}],"wp:featuredmedia":[{"embeddable":true,"href":"https:\/\/www.egemtv.com\/index.php?rest_route=\/wp\/v2\/media\/88248"}],"wp:attachment":[{"href":"https:\/\/www.egemtv.com\/index.php?rest_route=%2Fwp%2Fv2%2Fmedia&parent=88247"}],"wp:term":[{"taxonomy":"category","embeddable":true,"href":"https:\/\/www.egemtv.com\/index.php?rest_route=%2Fwp%2Fv2%2Fcategories&post=88247"},{"taxonomy":"post_tag","embeddable":true,"href":"https:\/\/www.egemtv.com\/index.php?rest_route=%2Fwp%2Fv2%2Ftags&post=88247"}],"curies":[{"name":"wp","href":"https:\/\/api.w.org\/{rel}","templated":true}]}}