{"id":88244,"date":"2026-02-16T15:15:00","date_gmt":"2026-02-16T12:15:00","guid":{"rendered":"https:\/\/www.egemtv.com\/?p=88244"},"modified":"2026-02-16T15:15:01","modified_gmt":"2026-02-16T12:15:01","slug":"aliaga-belediyesi-karate-antrenoru-nezahat-ayhan-turkiye-sampiyonu-oldu","status":"publish","type":"post","link":"https:\/\/www.egemtv.com\/?p=88244","title":{"rendered":"Alia\u011fa Belediyesi Karate Antren\u00f6r\u00fc Nezahat Ayhan T\u00fcrkiye \u015fampiyonu oldu"},"content":{"rendered":"<p>Alia\u011fa Belediyesi Karate Antren\u00f6r\u00fc Nezahat Ayhan, 12-15 \u015eubat 2026 tarihleri aras\u0131nda Manisa\u2019da d\u00fczenlenen T\u00fcrkiye B\u00fcy\u00fckler, Para Karate, Deaf Karate ve Veteranlar Karate \u015eampiyonas\u0131\u2019nda elde etti\u011fi derecelerle b\u00fcy\u00fck bir ba\u015far\u0131ya imza att\u0131.<br \/>\n<br \/>Nezahat Ayhan, \u015fampiyonada 34-45 ya\u015f Kata kategorisinde T\u00fcrkiye ikincisi, 35-45 ya\u015f aras\u0131 -75 kilo kategorisinde ise birinci olarak T\u00fcrkiye \u015fampiyonu oldu. Uzun bir aran\u0131n ard\u0131ndan yeniden \u015fampiyonalara d\u00f6nen deneyimli antren\u00f6r, Alia\u011fa\u2019ya \u00e7ifte gurur ya\u015fatt\u0131.<br \/>\n<br \/>Ba\u015far\u0131l\u0131 performans\u0131yla dikkat \u00e7eken Ayhan, 27-28 \u015eubat ve 1 Mart 2026 tarihlerinde Banja Luka\u2019da d\u00fczenlenecek Balkan B\u00fcy\u00fckler ve Veteranlar Karate \u015eampiyonas\u0131\u2019nda Alia\u011fa\u2019y\u0131 ve T\u00fcrkiye\u2019yi i temsil edecek.<\/p>\n<p>Ayhan: &#8220;Alia\u011fa Belediyesi\u2019ni en iyi \u015fekilde temsil etmeye devam edece\u011fim&#8221;<br \/>\n<br \/>\u015eampiyona sonras\u0131 duygular\u0131n\u0131 dile getiren Alia\u011fa Belediyesi Karate Antren\u00f6r\u00fc Nezahat Ayhan, \u015fu ifadeleri kulland\u0131: &#8220;11 y\u0131l sonra tekrar yar\u0131\u015ft\u0131m ve ayn\u0131 heyecan\u0131 yeniden ya\u015fad\u0131m. Bu kez k\u0131zlar\u0131m, ailem, sporcular\u0131m ve velilerim de yan\u0131mdayd\u0131. Onlar\u0131n deste\u011fi beni \u00e7ok mutlu etti. Hem antren\u00f6r hem de bir anne olarak bu ba\u015far\u0131y\u0131 elde etti\u011fim i\u00e7in kendimle gurur duyuyorum. Alia\u011fa Belediyemizi en iyi \u015fekilde temsil ettim ve etmeye devam edece\u011fim. Ba\u015fta Alia\u011fa Belediye Ba\u015fkan\u0131m\u0131z Serkan Acar olmak \u00fczere, Alia\u011fa Belediyesi K\u00fclt\u00fcr, Sanat ve Sosyal \u0130\u015fler M\u00fcd\u00fcr\u00fcm\u00fcz Serap Cerraho\u011flu\u2019na ve Alia\u011fa Belediyesi Spor Birimi Sorumlusu Bilal \u00d6zkurt\u2019a te\u015fekk\u00fcr ediyorum. Spor her ya\u015fta g\u00fczel.&#8221;<br \/><\/p>\n","protected":false},"excerpt":{"rendered":"<p>Alia\u011fa Belediyesi Karate Antren\u00f6r\u00fc Nezahat Ayhan, 12-15 \u015eubat 2026 tarihleri aras\u0131nda Manisa\u2019da d\u00fczenlenen T\u00fcrkiye B\u00fcy\u00fckler, Para Karate, Deaf Karate ve Veteranlar Karate \u015eampiyonas\u0131\u2019nda elde etti\u011fi derecelerle b\u00fcy\u00fck bir ba\u015far\u0131ya imza att\u0131. Nezahat Ayhan, \u015fampiyonada 34-45 ya\u015f Kata kategorisinde T\u00fcrkiye ikincisi, 35-45 ya\u015f aras\u0131 -75 kilo kategorisinde ise birinci olarak T\u00fcrkiye \u015fampiyonu oldu. Uzun bir aran\u0131n&#8230;<\/p>\n","protected":false},"author":1,"featured_media":88245,"comment_status":"open","ping_status":"open","sticky":false,"template":"","format":"standard","meta":{"_crdt_document":"","footnotes":""},"categories":[4],"tags":[],"class_list":["post-88244","post","type-post","status-publish","format-standard","has-post-thumbnail","hentry","category-spor"],"_links":{"self":[{"href":"https:\/\/www.egemtv.com\/index.php?rest_route=\/wp\/v2\/posts\/88244","targetHints":{"allow":["GET"]}}],"collection":[{"href":"https:\/\/www.egemtv.com\/index.php?rest_route=\/wp\/v2\/posts"}],"about":[{"href":"https:\/\/www.egemtv.com\/index.php?rest_route=\/wp\/v2\/types\/post"}],"author":[{"embeddable":true,"href":"https:\/\/www.egemtv.com\/index.php?rest_route=\/wp\/v2\/users\/1"}],"replies":[{"embeddable":true,"href":"https:\/\/www.egemtv.com\/index.php?rest_route=%2Fwp%2Fv2%2Fcomments&post=88244"}],"version-history":[{"count":1,"href":"https:\/\/www.egemtv.com\/index.php?rest_route=\/wp\/v2\/posts\/88244\/revisions"}],"predecessor-version":[{"id":88246,"href":"https:\/\/www.egemtv.com\/index.php?rest_route=\/wp\/v2\/posts\/88244\/revisions\/88246"}],"wp:featuredmedia":[{"embeddable":true,"href":"https:\/\/www.egemtv.com\/index.php?rest_route=\/wp\/v2\/media\/88245"}],"wp:attachment":[{"href":"https:\/\/www.egemtv.com\/index.php?rest_route=%2Fwp%2Fv2%2Fmedia&parent=88244"}],"wp:term":[{"taxonomy":"category","embeddable":true,"href":"https:\/\/www.egemtv.com\/index.php?rest_route=%2Fwp%2Fv2%2Fcategories&post=88244"},{"taxonomy":"post_tag","embeddable":true,"href":"https:\/\/www.egemtv.com\/index.php?rest_route=%2Fwp%2Fv2%2Ftags&post=88244"}],"curies":[{"name":"wp","href":"https:\/\/api.w.org\/{rel}","templated":true}]}}