{"id":87968,"date":"2026-02-15T17:34:59","date_gmt":"2026-02-15T14:34:59","guid":{"rendered":"https:\/\/www.egemtv.com\/?p=87968"},"modified":"2026-02-15T17:35:00","modified_gmt":"2026-02-15T14:35:00","slug":"bodrumu-kuvvetli-firtina-vurdu","status":"publish","type":"post","link":"https:\/\/www.egemtv.com\/?p=87968","title":{"rendered":"Bodrum\u2019u kuvvetli f\u0131rt\u0131na vurdu"},"content":{"rendered":"<p>Mu\u011fla\u2019n\u0131n Bodrum il\u00e7esinde etkili olan kuvvetli f\u0131rt\u0131na sebebiyle tekneler karaya vurdu, a\u011fa\u00e7lar y\u0131k\u0131ld\u0131.<\/p>\n<p>Sabah saatlerinde ba\u015flayan f\u0131rt\u0131na, \u00f6\u011fleden sonra etkisini artt\u0131rd\u0131. F\u0131rt\u0131na sebebiyle Bitez Koyu\u2019nda demirli ah\u015fap gezi teknesinin karaya vurdu\u011fu g\u00f6r\u00fcld\u00fc. Ayr\u0131ca G\u00fcmbet Koyu\u2019nda da s\u00fcr\u00fcklenen motoryat, sahile yak\u0131n bir noktada karaya oturdu. Bir s\u00fcre sonra koyda demirli bir yelkenli s\u00fcr\u00fcklenmeye ba\u015flad\u0131. Teknedekiler, yelkenliyi karaya oturan motoryata ba\u011flayarak sabitleyebildi. F\u0131rt\u0131na sebebiyle il\u00e7ede \u00e7ok say\u0131da a\u011fa\u00e7 devrildi. Bodrum Belediyesi ekipleri, devrilen a\u011fa\u00e7lar\u0131 kald\u0131rmak i\u00e7in \u00e7al\u0131\u015fma ba\u015flatt\u0131.<br \/><\/p>\n","protected":false},"excerpt":{"rendered":"<p>Mu\u011fla\u2019n\u0131n Bodrum il\u00e7esinde etkili olan kuvvetli f\u0131rt\u0131na sebebiyle tekneler karaya vurdu, a\u011fa\u00e7lar y\u0131k\u0131ld\u0131. Sabah saatlerinde ba\u015flayan f\u0131rt\u0131na, \u00f6\u011fleden sonra etkisini artt\u0131rd\u0131. F\u0131rt\u0131na sebebiyle Bitez Koyu\u2019nda demirli ah\u015fap gezi teknesinin karaya vurdu\u011fu g\u00f6r\u00fcld\u00fc. Ayr\u0131ca G\u00fcmbet Koyu\u2019nda da s\u00fcr\u00fcklenen motoryat, sahile yak\u0131n bir noktada karaya oturdu. Bir s\u00fcre sonra koyda demirli bir yelkenli s\u00fcr\u00fcklenmeye ba\u015flad\u0131. Teknedekiler, yelkenliyi&#8230;<\/p>\n","protected":false},"author":1,"featured_media":87969,"comment_status":"open","ping_status":"open","sticky":false,"template":"","format":"standard","meta":{"_crdt_document":"","footnotes":""},"categories":[1],"tags":[],"class_list":["post-87968","post","type-post","status-publish","format-standard","has-post-thumbnail","hentry","category-guncel"],"_links":{"self":[{"href":"https:\/\/www.egemtv.com\/index.php?rest_route=\/wp\/v2\/posts\/87968","targetHints":{"allow":["GET"]}}],"collection":[{"href":"https:\/\/www.egemtv.com\/index.php?rest_route=\/wp\/v2\/posts"}],"about":[{"href":"https:\/\/www.egemtv.com\/index.php?rest_route=\/wp\/v2\/types\/post"}],"author":[{"embeddable":true,"href":"https:\/\/www.egemtv.com\/index.php?rest_route=\/wp\/v2\/users\/1"}],"replies":[{"embeddable":true,"href":"https:\/\/www.egemtv.com\/index.php?rest_route=%2Fwp%2Fv2%2Fcomments&post=87968"}],"version-history":[{"count":1,"href":"https:\/\/www.egemtv.com\/index.php?rest_route=\/wp\/v2\/posts\/87968\/revisions"}],"predecessor-version":[{"id":87970,"href":"https:\/\/www.egemtv.com\/index.php?rest_route=\/wp\/v2\/posts\/87968\/revisions\/87970"}],"wp:featuredmedia":[{"embeddable":true,"href":"https:\/\/www.egemtv.com\/index.php?rest_route=\/wp\/v2\/media\/87969"}],"wp:attachment":[{"href":"https:\/\/www.egemtv.com\/index.php?rest_route=%2Fwp%2Fv2%2Fmedia&parent=87968"}],"wp:term":[{"taxonomy":"category","embeddable":true,"href":"https:\/\/www.egemtv.com\/index.php?rest_route=%2Fwp%2Fv2%2Fcategories&post=87968"},{"taxonomy":"post_tag","embeddable":true,"href":"https:\/\/www.egemtv.com\/index.php?rest_route=%2Fwp%2Fv2%2Ftags&post=87968"}],"curies":[{"name":"wp","href":"https:\/\/api.w.org\/{rel}","templated":true}]}}