{"id":87962,"date":"2026-02-15T17:34:57","date_gmt":"2026-02-15T14:34:57","guid":{"rendered":"https:\/\/www.egemtv.com\/?p=87962"},"modified":"2026-02-15T17:34:58","modified_gmt":"2026-02-15T14:34:58","slug":"efekent-pazaryerinde-ruzgar-agaci-devirdi","status":"publish","type":"post","link":"https:\/\/www.egemtv.com\/?p=87962","title":{"rendered":"Efekent Pazaryeri\u2019nde r\u00fczgar a\u011fac\u0131 devirdi"},"content":{"rendered":"<p>Ayd\u0131n\u2019\u0131n Efeler il\u00e7esinde \u015fiddetli r\u00fczgar nedeniyle devrilen a\u011fa\u00e7 pazaryeri duvar\u0131 ve sat\u0131\u015f alan\u0131ndaki tentenin \u00fczerine d\u00fc\u015ferek maddi hasara yol a\u00e7t\u0131.<\/p>\n<p>Edinilen bilgiye g\u00f6re, Girne Mahallesi\u2019nde bulunan Efekent Pazaryeri d\u0131\u015f kald\u0131r\u0131m\u0131ndaki bir a\u011fa\u00e7, etkili olan \u015fiddetli r\u00fczgara dayanamayarak devrildi. Pazaryeri duvar\u0131 ile pazarc\u0131lar\u0131n sat\u0131\u015f yapt\u0131\u011f\u0131 alandaki tentenin \u00fczerine d\u00fc\u015fen a\u011fa\u00e7 maddi hasara neden olurken, olayda yaralanan\u0131n olmamas\u0131 teselli kayna\u011f\u0131 oldu. \u0130hbar \u00fczerine b\u00f6lgeye polis ve itfaiye ekipleri sevk edildi. K\u0131sa s\u00fcrede olay yerine gelen ekipler \u00e7evre g\u00fcvenli\u011fi al\u0131rken, belediye ekipleri de devrilen a\u011fac\u0131n kald\u0131r\u0131lmas\u0131 i\u00e7in \u00e7al\u0131\u015fma ba\u015flatt\u0131.<\/p>\n<p>Olayla ilgili inceleme s\u00fcr\u00fcyor.<br \/><\/p>\n","protected":false},"excerpt":{"rendered":"<p>Ayd\u0131n\u2019\u0131n Efeler il\u00e7esinde \u015fiddetli r\u00fczgar nedeniyle devrilen a\u011fa\u00e7 pazaryeri duvar\u0131 ve sat\u0131\u015f alan\u0131ndaki tentenin \u00fczerine d\u00fc\u015ferek maddi hasara yol a\u00e7t\u0131. Edinilen bilgiye g\u00f6re, Girne Mahallesi\u2019nde bulunan Efekent Pazaryeri d\u0131\u015f kald\u0131r\u0131m\u0131ndaki bir a\u011fa\u00e7, etkili olan \u015fiddetli r\u00fczgara dayanamayarak devrildi. Pazaryeri duvar\u0131 ile pazarc\u0131lar\u0131n sat\u0131\u015f yapt\u0131\u011f\u0131 alandaki tentenin \u00fczerine d\u00fc\u015fen a\u011fa\u00e7 maddi hasara neden olurken, olayda yaralanan\u0131n&#8230;<\/p>\n","protected":false},"author":1,"featured_media":87963,"comment_status":"open","ping_status":"open","sticky":false,"template":"","format":"standard","meta":{"_crdt_document":"","footnotes":""},"categories":[5],"tags":[],"class_list":["post-87962","post","type-post","status-publish","format-standard","has-post-thumbnail","hentry","category-asayis"],"_links":{"self":[{"href":"https:\/\/www.egemtv.com\/index.php?rest_route=\/wp\/v2\/posts\/87962","targetHints":{"allow":["GET"]}}],"collection":[{"href":"https:\/\/www.egemtv.com\/index.php?rest_route=\/wp\/v2\/posts"}],"about":[{"href":"https:\/\/www.egemtv.com\/index.php?rest_route=\/wp\/v2\/types\/post"}],"author":[{"embeddable":true,"href":"https:\/\/www.egemtv.com\/index.php?rest_route=\/wp\/v2\/users\/1"}],"replies":[{"embeddable":true,"href":"https:\/\/www.egemtv.com\/index.php?rest_route=%2Fwp%2Fv2%2Fcomments&post=87962"}],"version-history":[{"count":1,"href":"https:\/\/www.egemtv.com\/index.php?rest_route=\/wp\/v2\/posts\/87962\/revisions"}],"predecessor-version":[{"id":87964,"href":"https:\/\/www.egemtv.com\/index.php?rest_route=\/wp\/v2\/posts\/87962\/revisions\/87964"}],"wp:featuredmedia":[{"embeddable":true,"href":"https:\/\/www.egemtv.com\/index.php?rest_route=\/wp\/v2\/media\/87963"}],"wp:attachment":[{"href":"https:\/\/www.egemtv.com\/index.php?rest_route=%2Fwp%2Fv2%2Fmedia&parent=87962"}],"wp:term":[{"taxonomy":"category","embeddable":true,"href":"https:\/\/www.egemtv.com\/index.php?rest_route=%2Fwp%2Fv2%2Fcategories&post=87962"},{"taxonomy":"post_tag","embeddable":true,"href":"https:\/\/www.egemtv.com\/index.php?rest_route=%2Fwp%2Fv2%2Ftags&post=87962"}],"curies":[{"name":"wp","href":"https:\/\/api.w.org\/{rel}","templated":true}]}}