{"id":87959,"date":"2026-02-15T16:55:43","date_gmt":"2026-02-15T13:55:43","guid":{"rendered":"https:\/\/www.egemtv.com\/?p=87959"},"modified":"2026-02-15T16:55:44","modified_gmt":"2026-02-15T13:55:44","slug":"bakan-yardimcisi-gizligider-gecen-yila-oranla-yagislar-yuzde-66-artti","status":"publish","type":"post","link":"https:\/\/www.egemtv.com\/?p=87959","title":{"rendered":"Bakan Yard\u0131mc\u0131s\u0131 Gizligider: &#8220;Ge\u00e7en y\u0131la oranla ya\u011f\u0131\u015flar y\u00fczde 66 artt\u0131&#8221;"},"content":{"rendered":"<p>Tar\u0131m ve Orman Bakan Yard\u0131mc\u0131s\u0131 Ebubekir Gizligider, Mu\u011fla\u2019da son bir hafta i\u00e7inde yo\u011fun ya\u011f\u0131\u015f nedeniyle ta\u015fan Dalaman \u00c7ay\u0131\u2019nda ve K\u00f6yce\u011fiz Kavak\u00e7al\u0131 Mahallesi\u2019nin ula\u015f\u0131m\u0131n\u0131 sa\u011flayan \u00e7\u00f6ken yolda incelemelerde bulundu.<br \/>\n<br \/>AK Parti Mu\u011fla milletvekilleri ve DS\u0130 Genel M\u00fcd\u00fcr\u00fc\u2019n\u00fcn haz\u0131r bulundu\u011fu incelemede Dalaman \u00c7ay\u0131 makineli \u00e7al\u0131\u015fma alan\u0131nda incelemelerde bulunan Bakan Yard\u0131mc\u0131s\u0131 Gizligider, burada DS\u0130 21. B\u00f6lge M\u00fcd\u00fcr\u00fc Birol \u00c7\u0131nar\u2019dan brifing ald\u0131.<\/p>\n<p>&#8220;Bu y\u0131l T\u00fcrkiye\u2019nin uzun y\u0131llar ya\u011f\u0131\u015f ortalamas\u0131 aras\u0131nda y\u00fczde 16 art\u0131\u015f ya\u015fand\u0131&#8221;<br \/>\n<br \/>Dalaman \u00c7ay\u0131 \u00fczerinde son ya\u011f\u0131\u015flar hakk\u0131nda a\u00e7\u0131klama yapan Bakan Yard\u0131mc\u0131s\u0131 Gizligider, &#8220;Son g\u00fcnlerde T\u00fcrkiye\u2019de yo\u011fun bir ya\u011f\u0131\u015f s\u00f6z konusu. Bir yandan bu ya\u011f\u0131\u015flar i\u00e7in ne kadar \u015f\u00fckretsek azd\u0131r. Zira ge\u00e7ti\u011fimiz y\u0131lla bu y\u0131l\u0131n ortalamas\u0131n\u0131 kar\u015f\u0131la\u015ft\u0131racak olursak, ge\u00e7en y\u0131la g\u00f6re t\u00fcm T\u00fcrkiye\u2019de bug\u00fcn tarih itibar\u0131yla mukayese etti\u011fimizde ya\u011f\u0131\u015flar y\u00fczde 66 artt\u0131. Bu bizim i\u00e7in harika bir haber. Yine uzun y\u0131llar ortalamas\u0131na bakt\u0131\u011f\u0131m\u0131zda da T\u00fcrkiye\u2019nin ya\u011f\u0131\u015f ortalamas\u0131yla bu y\u0131l\u0131n ya\u011f\u0131\u015f ortalamas\u0131 aras\u0131nda da y\u00fczde 16 bir art\u0131\u015f var. Yani onun i\u00e7in ne kadar \u015f\u00fckretsek azd\u0131r. Ama elbette \u015f\u00f6yle bir ger\u00e7ek var, art\u0131k buna yeni normal diyorlar. Asl\u0131nda normal falan da de\u011fil, anormal belki. \u00d6yle bir zaman geliyor ki bir y\u0131lda al\u0131nmas\u0131 gereken ya\u011f\u0131\u015f bazen bir ayda, bazen bir haftada ya da birka\u00e7 ayl\u0131k al\u0131nmas\u0131 gereken ya\u011f\u0131\u015f birka\u00e7 g\u00fcnde adeta yery\u00fcz\u00fcne bo\u015fal\u0131veriyor. Ve bu yeni normale de bizim uyum g\u00f6stermemiz gerekiyor. Bu tabii t\u00fcm d\u00fcnyada olan bir durum, bir de\u011fi\u015fiklik, iklim de\u011fi\u015fikli\u011fi deniyor buna. \u00d6zellikle de Akdeniz \u00e7ana\u011f\u0131 \u00fclkeleri bundan \u00e7ok fazla etkilendi ve elbette bizler T\u00fcrkiye olarak bundan etkilenmekteyiz. \u0130n\u015fallah bundan sonra olmas\u0131n bu afetler ama bizim haz\u0131rl\u0131\u011f\u0131m\u0131z bundan sonra olacaklara g\u00f6re de olacak. Yani bu yeni normale haz\u0131rlanmak bizim \u015fu anda en \u00f6nemli g\u00f6revimiz&#8221; dedi.<\/p>\n<p>&#8220;Yeni iklim d\u00fczenine al\u0131\u015fmam\u0131z laz\u0131m&#8221;<br \/>\n<br \/>D\u00fcnyada iklim de\u011fi\u015fikli\u011fine ba\u011fl\u0131 yeni bir d\u00fczen olu\u015ftu\u011funu belirten Gizligider, &#8220;Burada akla gelen en b\u00fcy\u00fck m\u00fcdahale, en b\u00fcy\u00fck \u00e7\u00f6z\u00fcm nedir? Sigorta sistemidir. Tar\u0131msal \u00fcretimde sigorta, yani buna k\u0131saca biz TARS\u0130M diyoruz ve burada Mu\u011fla\u2019da belli bir oranda TARS\u0130M\u2019imiz var ama bunu do\u011frusu yeterli bulmuyoruz biz. Bitkisel \u00fcretimde Mu\u011fla\u2019da TARS\u0130M oran\u0131 y\u00fczde 10, serac\u0131l\u0131kta y\u00fczde 30, hayvanc\u0131l\u0131kta y\u00fczde 60, ar\u0131c\u0131l\u0131kta biraz daha y\u00fcksek bir oran. \u00d6zellikle \u00fcreticilerimize sesleniyorum. Bundan sonra da bu do\u011fa olaylar\u0131n\u0131n ya\u015fanmas\u0131 muhtemeldir. 13 Nisan gecesi T\u00fcrkiye\u2019de 67 vilayette don olay\u0131 ya\u015fand\u0131. 8 saati a\u015fan ve eksi 20\u2019lere kadar uzanan ve aral\u0131ks\u0131z olarak bu don meselesinden dolay\u0131 hem enflasyona yans\u0131ma hem bir\u00e7ok \u00fcr\u00fcne ula\u015famad\u0131k ve ba\u015fka aksakl\u0131klar. Yeni normal d\u00f6nemi, yeni d\u00fcnya d\u00fczeninde, yeni iklim d\u00fczeninde bundan sonra da ya\u015fanmas\u0131 muhtemel riskler vard\u0131r, olacakt\u0131r. Y\u00fczde 50 ile ba\u015fl\u0131yor, y\u00fczde 70\u2019e kadar uzan\u0131yor devletin prim deste\u011fi. Yani sizin \u00f6deyece\u011finiz pirimin y\u00fczde 50 ile y\u00fczde 70\u2019e kadar ula\u015facak k\u0131sm\u0131n\u0131 devlet kar\u015f\u0131l\u0131yor.<\/p>\n<p>&#8220;Mu\u011fla\u2019da 11 bin 500 ta\u015fk\u0131n koruma yapt\u0131k&#8221;<br \/>\n<br \/>Mu\u011fla genelinde 11 bin 500 adet ta\u015fk\u0131n koruma yapt\u0131klar\u0131n\u0131, e\u011fer bu ta\u015fk\u0131n korumalar yap\u0131lmasayd\u0131, bug\u00fcn Mu\u011fla\u2019da durumun daha vahim bir durumu ortaya \u00e7\u0131kaca\u011f\u0131n\u0131 belirten Tar\u0131m ve Orman Bakan Yard\u0131mc\u0131s\u0131 Ebubekir Gizligider, &#8220;Seralar\u0131m\u0131zda di\u011fer bitkisel \u00fcretim alanlar\u0131nda zararlar var. Burada da alanlar\u0131n baz\u0131s\u0131na girilebilir d\u00fczeyde, bazen girilemeyecek alanlar var. T\u00fcm T\u00fcrkiye\u2019de 18 ilde ta\u015fk\u0131n meydana geldi arkada\u015flar. Ve biz DS\u0130 ekipleri olarak 604 adet i\u015f makinesi, ekipmanla birlikte 881 adet personel \u015fu anda arkamda da g\u00f6rd\u00fc\u011f\u00fcn\u00fcz \u00f6rnekte oldu\u011fu gibi arazide ve duruma vaziyet etmekte. Elbette en b\u00fcy\u00fck tesellimiz \u015fu ana kadar bir can kayb\u0131 s\u00f6z konusu de\u011fil. Mu\u011fla\u2019da ne oldu, ne olacak biraz bundan bahsetmek istiyorum. Sadece Mu\u011fla\u2019da 11 bin 500 ta\u015fk\u0131n koruma tesisi yapm\u0131\u015f\u0131z. E\u011fer bunlar olmasayd\u0131 ne olurdu? Bu sorunun cevab\u0131 en kritik cevap. \u0130\u015fte o zaman her yer \u00e7ok daha b\u00fcy\u00fck bir felaketle, Allah esirgesin hem can kayb\u0131yla hem katlan\u0131r \u015fekilde mal kayb\u0131yla kar\u015f\u0131la\u015facakt\u0131. Ancak 11 bin 500 adet ta\u015fk\u0131n korumam\u0131za ra\u011fmen dedik ya yeni normal, do\u011fan\u0131n farkl\u0131 farkl\u0131 cilveleri bunlar ya\u015fanabiliyor. Ama bunlara da gerekli in\u015fallah tedbirleri al\u0131yoruz. \u00d6zellikle Dalaman \u00c7ay\u0131\u2019na ili\u015fkin. Dalaman Akk\u00f6pr\u00fc Baraj\u0131\u2019n\u0131n son ya\u011f\u0131\u015flarla maksimum i\u015fletme seviyesine gelmesi s\u00f6z konusu. Yani art\u0131k bundan sonras\u0131n\u0131n ta\u015fmas\u0131 s\u00f6z konusu olur. \u0130\u015fte bu olmas\u0131n diye \u015fu anda saniyede 342 metrek\u00fcp su Dalaman \u00c7ay\u0131\u2019na buraya kontroll\u00fc olarak veriliyor. Yine Dalaman \u00c7ay\u0131 setli onar\u0131m\u0131 i\u00e7in de bug\u00fcne kadar 17 i\u015f makinesi ve 27 personelle \u00e7al\u0131\u015fmam\u0131z s\u00fcr\u00fcyor. Yine Mu\u011fla ile ilgili bir bilgi verelim. On binlerce tesis yap\u0131yoruz. Sadece devlet su i\u015fleri eliyle 5.7 milyarl\u0131k bir yat\u0131r\u0131m yapm\u0131\u015f\u0131z Mu\u011fla\u2019ya. 63 adet ta\u015fk\u0131n kontrol tesisi yap\u0131lm\u0131\u015f. Ve \u015fu \u00f6nemli bilgi arkada\u015flar, 70 bin dekar alan ta\u015fk\u0131ndan korunmu\u015f bu \u015fekilde&#8221; ifadelerini kulland\u0131.<br \/><\/p>\n","protected":false},"excerpt":{"rendered":"<p>Tar\u0131m ve Orman Bakan Yard\u0131mc\u0131s\u0131 Ebubekir Gizligider, Mu\u011fla\u2019da son bir hafta i\u00e7inde yo\u011fun ya\u011f\u0131\u015f nedeniyle ta\u015fan Dalaman \u00c7ay\u0131\u2019nda ve K\u00f6yce\u011fiz Kavak\u00e7al\u0131 Mahallesi\u2019nin ula\u015f\u0131m\u0131n\u0131 sa\u011flayan \u00e7\u00f6ken yolda incelemelerde bulundu. AK Parti Mu\u011fla milletvekilleri ve DS\u0130 Genel M\u00fcd\u00fcr\u00fc\u2019n\u00fcn haz\u0131r bulundu\u011fu incelemede Dalaman \u00c7ay\u0131 makineli \u00e7al\u0131\u015fma alan\u0131nda incelemelerde bulunan Bakan Yard\u0131mc\u0131s\u0131 Gizligider, burada DS\u0130 21. B\u00f6lge M\u00fcd\u00fcr\u00fc Birol&#8230;<\/p>\n","protected":false},"author":1,"featured_media":87960,"comment_status":"open","ping_status":"open","sticky":false,"template":"","format":"standard","meta":{"_crdt_document":"","footnotes":""},"categories":[1],"tags":[],"class_list":["post-87959","post","type-post","status-publish","format-standard","has-post-thumbnail","hentry","category-guncel"],"_links":{"self":[{"href":"https:\/\/www.egemtv.com\/index.php?rest_route=\/wp\/v2\/posts\/87959","targetHints":{"allow":["GET"]}}],"collection":[{"href":"https:\/\/www.egemtv.com\/index.php?rest_route=\/wp\/v2\/posts"}],"about":[{"href":"https:\/\/www.egemtv.com\/index.php?rest_route=\/wp\/v2\/types\/post"}],"author":[{"embeddable":true,"href":"https:\/\/www.egemtv.com\/index.php?rest_route=\/wp\/v2\/users\/1"}],"replies":[{"embeddable":true,"href":"https:\/\/www.egemtv.com\/index.php?rest_route=%2Fwp%2Fv2%2Fcomments&post=87959"}],"version-history":[{"count":1,"href":"https:\/\/www.egemtv.com\/index.php?rest_route=\/wp\/v2\/posts\/87959\/revisions"}],"predecessor-version":[{"id":87961,"href":"https:\/\/www.egemtv.com\/index.php?rest_route=\/wp\/v2\/posts\/87959\/revisions\/87961"}],"wp:featuredmedia":[{"embeddable":true,"href":"https:\/\/www.egemtv.com\/index.php?rest_route=\/wp\/v2\/media\/87960"}],"wp:attachment":[{"href":"https:\/\/www.egemtv.com\/index.php?rest_route=%2Fwp%2Fv2%2Fmedia&parent=87959"}],"wp:term":[{"taxonomy":"category","embeddable":true,"href":"https:\/\/www.egemtv.com\/index.php?rest_route=%2Fwp%2Fv2%2Fcategories&post=87959"},{"taxonomy":"post_tag","embeddable":true,"href":"https:\/\/www.egemtv.com\/index.php?rest_route=%2Fwp%2Fv2%2Ftags&post=87959"}],"curies":[{"name":"wp","href":"https:\/\/api.w.org\/{rel}","templated":true}]}}