{"id":87956,"date":"2026-02-15T16:35:57","date_gmt":"2026-02-15T13:35:57","guid":{"rendered":"https:\/\/www.egemtv.com\/?p=87956"},"modified":"2026-02-15T16:35:57","modified_gmt":"2026-02-15T13:35:57","slug":"gorevi-basinda-kalp-krizi-gecirerek-hayatini-kaybetti","status":"publish","type":"post","link":"https:\/\/www.egemtv.com\/?p=87956","title":{"rendered":"G\u00f6revi ba\u015f\u0131nda kalp krizi ge\u00e7irerek hayat\u0131n\u0131 kaybetti"},"content":{"rendered":"<p>Mu\u011fla\u2019n\u0131n K\u00f6yce\u011fiz il\u00e7esi Y\u00fcksekkum Turizm Mesleki ve Teknik Anadolu Lisesi \u0130ngilizce \u00d6\u011fretmeni Cengiz Ceylan (59) g\u00f6revi ba\u015f\u0131nda kalp krizi sonucu hayat\u0131n\u0131 kaybetti.<\/p>\n<p>K\u00f6yce\u011fiz Y\u00fcksekkum Turizm Mesleki ve Teknik Anadolu Lisesi \u0130ngilizce \u00d6\u011fretmeninin ani vefat\u0131 e\u011fitim camias\u0131 ve sevenleri taraf\u0131ndan \u00fcz\u00fcnt\u00fcye bo\u011fdu. Evli ve \u00fc\u00e7 \u00e7ocuk babas\u0131 olan merhum Cengiz Ceylan\u2019\u0131n cenazesi, K\u00f6yce\u011fiz Toparlar Mahallesi Merkez Camii\u2019nde \u00f6\u011fle namaz\u0131na m\u00fcteakip, K\u00f6yce\u011fiz \u0130l\u00e7e M\u00fcft\u00fcs\u00fc Ahmet Karag\u00f6z\u2019\u00fcn k\u0131ld\u0131rd\u0131\u011f\u0131 cenaze namaz\u0131n\u0131n ard\u0131ndan T\u00fcrbe Mezarl\u0131\u011f\u0131\u2019nda g\u00f6zya\u015flar\u0131 i\u00e7inde, dualarla topra\u011fa verildi.<\/p>\n<p>Ceylan\u2019\u0131n cenaze t\u00f6renine K\u00f6yce\u011fiz \u0130l\u00e7e M\u00fcft\u00fcs\u00fc Ahmet Karag\u00f6z, K\u00f6yce\u011fiz \u0130l\u00e7e Milli E\u011fitim M\u00fcd\u00fcr\u00fc Taner \u015een, ailesi, yak\u0131nlar\u0131, e\u011fitim camias\u0131ndan \u00e7ok say\u0131da isim ve sevenleri kat\u0131ld\u0131.<br \/><\/p>\n","protected":false},"excerpt":{"rendered":"<p>Mu\u011fla\u2019n\u0131n K\u00f6yce\u011fiz il\u00e7esi Y\u00fcksekkum Turizm Mesleki ve Teknik Anadolu Lisesi \u0130ngilizce \u00d6\u011fretmeni Cengiz Ceylan (59) g\u00f6revi ba\u015f\u0131nda kalp krizi sonucu hayat\u0131n\u0131 kaybetti. K\u00f6yce\u011fiz Y\u00fcksekkum Turizm Mesleki ve Teknik Anadolu Lisesi \u0130ngilizce \u00d6\u011fretmeninin ani vefat\u0131 e\u011fitim camias\u0131 ve sevenleri taraf\u0131ndan \u00fcz\u00fcnt\u00fcye bo\u011fdu. Evli ve \u00fc\u00e7 \u00e7ocuk babas\u0131 olan merhum Cengiz Ceylan\u2019\u0131n cenazesi, K\u00f6yce\u011fiz Toparlar Mahallesi Merkez&#8230;<\/p>\n","protected":false},"author":1,"featured_media":87957,"comment_status":"open","ping_status":"open","sticky":false,"template":"","format":"standard","meta":{"_crdt_document":"","footnotes":""},"categories":[123],"tags":[],"class_list":["post-87956","post","type-post","status-publish","format-standard","has-post-thumbnail","hentry","category-gundem"],"_links":{"self":[{"href":"https:\/\/www.egemtv.com\/index.php?rest_route=\/wp\/v2\/posts\/87956","targetHints":{"allow":["GET"]}}],"collection":[{"href":"https:\/\/www.egemtv.com\/index.php?rest_route=\/wp\/v2\/posts"}],"about":[{"href":"https:\/\/www.egemtv.com\/index.php?rest_route=\/wp\/v2\/types\/post"}],"author":[{"embeddable":true,"href":"https:\/\/www.egemtv.com\/index.php?rest_route=\/wp\/v2\/users\/1"}],"replies":[{"embeddable":true,"href":"https:\/\/www.egemtv.com\/index.php?rest_route=%2Fwp%2Fv2%2Fcomments&post=87956"}],"version-history":[{"count":1,"href":"https:\/\/www.egemtv.com\/index.php?rest_route=\/wp\/v2\/posts\/87956\/revisions"}],"predecessor-version":[{"id":87958,"href":"https:\/\/www.egemtv.com\/index.php?rest_route=\/wp\/v2\/posts\/87956\/revisions\/87958"}],"wp:featuredmedia":[{"embeddable":true,"href":"https:\/\/www.egemtv.com\/index.php?rest_route=\/wp\/v2\/media\/87957"}],"wp:attachment":[{"href":"https:\/\/www.egemtv.com\/index.php?rest_route=%2Fwp%2Fv2%2Fmedia&parent=87956"}],"wp:term":[{"taxonomy":"category","embeddable":true,"href":"https:\/\/www.egemtv.com\/index.php?rest_route=%2Fwp%2Fv2%2Fcategories&post=87956"},{"taxonomy":"post_tag","embeddable":true,"href":"https:\/\/www.egemtv.com\/index.php?rest_route=%2Fwp%2Fv2%2Ftags&post=87956"}],"curies":[{"name":"wp","href":"https:\/\/api.w.org\/{rel}","templated":true}]}}