{"id":87953,"date":"2026-02-15T16:15:44","date_gmt":"2026-02-15T13:15:44","guid":{"rendered":"https:\/\/www.egemtv.com\/?p=87953"},"modified":"2026-02-15T16:15:45","modified_gmt":"2026-02-15T13:15:45","slug":"izmir-itfaiyesi-tavuk-ciftliginde-mahsur-kalan-hayvanlar-icin-zamanla-yaristi","status":"publish","type":"post","link":"https:\/\/www.egemtv.com\/?p=87953","title":{"rendered":"\u0130zmir \u0130tfaiyesi tavuk \u00e7iftli\u011finde mahsur kalan hayvanlar i\u00e7in zamanla yar\u0131\u015ft\u0131"},"content":{"rendered":"<p>\u0130zmir\u2019de etkili olan yo\u011fun ya\u011f\u0131\u015flar\u0131n ard\u0131ndan B\u00fcy\u00fck\u015fehir Belediyesi \u0130tfaiyesi, Menemen il\u00e7esinde sular alt\u0131nda kalan tavuk \u00e7iftli\u011findeki hayvanlar\u0131 kurtarmak i\u00e7in gece boyunca b\u00fcy\u00fck bir \u00f6zveriyle \u00e7al\u0131\u015ft\u0131.<br \/>\n<br \/>\u0130zmir\u2019de etkili olan yo\u011fun ya\u011f\u0131\u015flar\u0131n ard\u0131ndan \u0130zmir B\u00fcy\u00fck\u015fehir Belediyesi\u2019ne ba\u011fl\u0131 itfaiye ekipleri, Menemen Mermerli Mahallesi\u2019nde sular alt\u0131nda kalan bir tavuk \u00e7iftli\u011findeki hayvanlar\u0131 kurtarmak i\u00e7in h\u0131zla harekete ge\u00e7ti. B\u00f6lgenin kot seviyesinin d\u00fc\u015f\u00fck olmas\u0131 ve yo\u011fun ya\u011f\u0131\u015fla birlikte Gediz Nehri\u2019ni besleyen kollar\u0131n debisinin y\u00fckselmesi sonucu \u00e7iftlik k\u0131sa s\u00fcrede suyla doldu. Durumun 112 Acil \u00c7a\u011fr\u0131 Merkezi\u2019ne bildirilmesi \u00fczerine \u0130zmir B\u00fcy\u00fck\u015fehir Belediyesi \u0130tfaiye Dairesi Ba\u015fkanl\u0131\u011f\u0131 ekipleri \u00e7ok say\u0131da ara\u00e7 ve personel ile olay yerine sevk edildi. Olay yerine ula\u015fan itfaiye personeli, yakla\u015f\u0131k 1 metreyi bulan sel sular\u0131n\u0131n ortas\u0131nda kalan canl\u0131lar\u0131 kurtarmak i\u00e7in dalg\u0131\u00e7 ekiplerle birlikte zorlu bir operasyon ba\u015flatt\u0131. Botlarla ger\u00e7ekle\u015ftirilen tahliye \u00e7al\u0131\u015fmalar\u0131nda ekipler d\u00f6rt sefer yaparak 100\u2019e yak\u0131n hayvan\u0131 g\u00fcvenli alana ula\u015ft\u0131rd\u0131. T\u00fcm \u00e7abalara ra\u011fmen baz\u0131 hayvanlar\u0131n hayat\u0131n\u0131 kaybetmesi ise ekiplerde derin bir \u00fcz\u00fcnt\u00fc olu\u015fturdu.<br \/><\/p>\n","protected":false},"excerpt":{"rendered":"<p>\u0130zmir\u2019de etkili olan yo\u011fun ya\u011f\u0131\u015flar\u0131n ard\u0131ndan B\u00fcy\u00fck\u015fehir Belediyesi \u0130tfaiyesi, Menemen il\u00e7esinde sular alt\u0131nda kalan tavuk \u00e7iftli\u011findeki hayvanlar\u0131 kurtarmak i\u00e7in gece boyunca b\u00fcy\u00fck bir \u00f6zveriyle \u00e7al\u0131\u015ft\u0131. \u0130zmir\u2019de etkili olan yo\u011fun ya\u011f\u0131\u015flar\u0131n ard\u0131ndan \u0130zmir B\u00fcy\u00fck\u015fehir Belediyesi\u2019ne ba\u011fl\u0131 itfaiye ekipleri, Menemen Mermerli Mahallesi\u2019nde sular alt\u0131nda kalan bir tavuk \u00e7iftli\u011findeki hayvanlar\u0131 kurtarmak i\u00e7in h\u0131zla harekete ge\u00e7ti. B\u00f6lgenin kot seviyesinin&#8230;<\/p>\n","protected":false},"author":1,"featured_media":87954,"comment_status":"open","ping_status":"open","sticky":false,"template":"","format":"standard","meta":{"_crdt_document":"","footnotes":""},"categories":[1],"tags":[],"class_list":["post-87953","post","type-post","status-publish","format-standard","has-post-thumbnail","hentry","category-guncel"],"_links":{"self":[{"href":"https:\/\/www.egemtv.com\/index.php?rest_route=\/wp\/v2\/posts\/87953","targetHints":{"allow":["GET"]}}],"collection":[{"href":"https:\/\/www.egemtv.com\/index.php?rest_route=\/wp\/v2\/posts"}],"about":[{"href":"https:\/\/www.egemtv.com\/index.php?rest_route=\/wp\/v2\/types\/post"}],"author":[{"embeddable":true,"href":"https:\/\/www.egemtv.com\/index.php?rest_route=\/wp\/v2\/users\/1"}],"replies":[{"embeddable":true,"href":"https:\/\/www.egemtv.com\/index.php?rest_route=%2Fwp%2Fv2%2Fcomments&post=87953"}],"version-history":[{"count":1,"href":"https:\/\/www.egemtv.com\/index.php?rest_route=\/wp\/v2\/posts\/87953\/revisions"}],"predecessor-version":[{"id":87955,"href":"https:\/\/www.egemtv.com\/index.php?rest_route=\/wp\/v2\/posts\/87953\/revisions\/87955"}],"wp:featuredmedia":[{"embeddable":true,"href":"https:\/\/www.egemtv.com\/index.php?rest_route=\/wp\/v2\/media\/87954"}],"wp:attachment":[{"href":"https:\/\/www.egemtv.com\/index.php?rest_route=%2Fwp%2Fv2%2Fmedia&parent=87953"}],"wp:term":[{"taxonomy":"category","embeddable":true,"href":"https:\/\/www.egemtv.com\/index.php?rest_route=%2Fwp%2Fv2%2Fcategories&post=87953"},{"taxonomy":"post_tag","embeddable":true,"href":"https:\/\/www.egemtv.com\/index.php?rest_route=%2Fwp%2Fv2%2Ftags&post=87953"}],"curies":[{"name":"wp","href":"https:\/\/api.w.org\/{rel}","templated":true}]}}