{"id":87950,"date":"2026-02-15T15:35:03","date_gmt":"2026-02-15T12:35:03","guid":{"rendered":"https:\/\/www.egemtv.com\/?p=87950"},"modified":"2026-02-15T15:35:04","modified_gmt":"2026-02-15T12:35:04","slug":"minibus-ile-otomobil-kafa-kafaya-carpisti-2-olu-4-yarali","status":"publish","type":"post","link":"https:\/\/www.egemtv.com\/?p=87950","title":{"rendered":"Minib\u00fcs ile otomobil kafa kafaya \u00e7arp\u0131\u015ft\u0131: 2 \u00f6l\u00fc, 4 yaral\u0131"},"content":{"rendered":"<p>Burdur\u2019un Bucak il\u00e7esinde Tofa\u015f otomobil ile minib\u00fcs\u00fcn kafa kafaya \u00e7arp\u0131\u015fmas\u0131 sonucu meydana gelen kazada 2 ki\u015fi hayat\u0131n\u0131 kaybetti, 4 ki\u015fi yaraland\u0131.<br \/>\n<br \/>Kaza, saat 12.30 s\u0131ralar\u0131nda Bucak-Kocaaliler yolu Pamucak mevkiinde meydana geldi. Edinilen bilgiye g\u00f6re, Mehmet \u00c7elen (23) idaresindeki 07 AOF 213 plakal\u0131 Fiat Tofa\u015f marka otomobil ile Necati A.\u2019nin (58) kulland\u0131\u011f\u0131 15 ADK 137 plakal\u0131 minib\u00fcs kafa kafaya \u00e7arp\u0131\u015ft\u0131. Kazada otomobil s\u00fcr\u00fcc\u00fcs\u00fc Mehmet \u00c7elen ve otomobilde yolcu konumunda olan Ceyda \u00c7elen (23) olay yerinde hayat\u0131n\u0131 kaybederken minib\u00fcs\u00fcn s\u00fcr\u00fcc\u00fcs\u00fc Necati A. ile  minib\u00fcste yolcu konumunda bulunan Ay\u015feg\u00fcl U., Ertu\u011frul Efe D. ve Hacer \u00d6. yaraland\u0131.<br \/>\n<br \/>\u0130hbar \u00fczerine b\u00f6lgeye itfaiye, sa\u011fl\u0131k ve jandarma ekipleri sevk edildi. Yaral\u0131lar, sa\u011fl\u0131k ekipleri taraf\u0131ndan yap\u0131lan ilk m\u00fcdahalenin ard\u0131ndan ambulanslarla Bucak Devlet Hastanesine kald\u0131r\u0131larak tedavi alt\u0131na al\u0131nd\u0131. Kazada \u00f6lenlerin cenazeleri yap\u0131lan incelemenin ard\u0131ndan morga g\u00f6t\u00fcr\u00fcld\u00fc. Kaza nedeniyle yol trafi\u011fe kapan\u0131rken ara\u00e7lar\u0131n kald\u0131r\u0131lmas\u0131n\u0131n ard\u0131ndan yol tekrardan trafi\u011fe a\u00e7\u0131ld\u0131.<br \/>\n<br \/>Kazayla ilgili tahkikat ba\u015flat\u0131ld\u0131.<br \/><\/p>\n","protected":false},"excerpt":{"rendered":"<p>Burdur\u2019un Bucak il\u00e7esinde Tofa\u015f otomobil ile minib\u00fcs\u00fcn kafa kafaya \u00e7arp\u0131\u015fmas\u0131 sonucu meydana gelen kazada 2 ki\u015fi hayat\u0131n\u0131 kaybetti, 4 ki\u015fi yaraland\u0131. Kaza, saat 12.30 s\u0131ralar\u0131nda Bucak-Kocaaliler yolu Pamucak mevkiinde meydana geldi. Edinilen bilgiye g\u00f6re, Mehmet \u00c7elen (23) idaresindeki 07 AOF 213 plakal\u0131 Fiat Tofa\u015f marka otomobil ile Necati A.\u2019nin (58) kulland\u0131\u011f\u0131 15 ADK 137 plakal\u0131&#8230;<\/p>\n","protected":false},"author":1,"featured_media":87951,"comment_status":"open","ping_status":"open","sticky":false,"template":"","format":"standard","meta":{"_crdt_document":"","footnotes":""},"categories":[5],"tags":[],"class_list":["post-87950","post","type-post","status-publish","format-standard","has-post-thumbnail","hentry","category-asayis"],"_links":{"self":[{"href":"https:\/\/www.egemtv.com\/index.php?rest_route=\/wp\/v2\/posts\/87950","targetHints":{"allow":["GET"]}}],"collection":[{"href":"https:\/\/www.egemtv.com\/index.php?rest_route=\/wp\/v2\/posts"}],"about":[{"href":"https:\/\/www.egemtv.com\/index.php?rest_route=\/wp\/v2\/types\/post"}],"author":[{"embeddable":true,"href":"https:\/\/www.egemtv.com\/index.php?rest_route=\/wp\/v2\/users\/1"}],"replies":[{"embeddable":true,"href":"https:\/\/www.egemtv.com\/index.php?rest_route=%2Fwp%2Fv2%2Fcomments&post=87950"}],"version-history":[{"count":1,"href":"https:\/\/www.egemtv.com\/index.php?rest_route=\/wp\/v2\/posts\/87950\/revisions"}],"predecessor-version":[{"id":87952,"href":"https:\/\/www.egemtv.com\/index.php?rest_route=\/wp\/v2\/posts\/87950\/revisions\/87952"}],"wp:featuredmedia":[{"embeddable":true,"href":"https:\/\/www.egemtv.com\/index.php?rest_route=\/wp\/v2\/media\/87951"}],"wp:attachment":[{"href":"https:\/\/www.egemtv.com\/index.php?rest_route=%2Fwp%2Fv2%2Fmedia&parent=87950"}],"wp:term":[{"taxonomy":"category","embeddable":true,"href":"https:\/\/www.egemtv.com\/index.php?rest_route=%2Fwp%2Fv2%2Fcategories&post=87950"},{"taxonomy":"post_tag","embeddable":true,"href":"https:\/\/www.egemtv.com\/index.php?rest_route=%2Fwp%2Fv2%2Ftags&post=87950"}],"curies":[{"name":"wp","href":"https:\/\/api.w.org\/{rel}","templated":true}]}}