{"id":87944,"date":"2026-02-15T14:55:43","date_gmt":"2026-02-15T11:55:43","guid":{"rendered":"https:\/\/www.egemtv.com\/?p=87944"},"modified":"2026-02-15T14:55:44","modified_gmt":"2026-02-15T11:55:44","slug":"aydin-icin-kuvvetli-yagis-uyarisi","status":"publish","type":"post","link":"https:\/\/www.egemtv.com\/?p=87944","title":{"rendered":"Ayd\u0131n i\u00e7in kuvvetli ya\u011f\u0131\u015f uyar\u0131s\u0131"},"content":{"rendered":"<p>Meteoroloji Genel M\u00fcd\u00fcrl\u00fc\u011f\u00fc taraf\u0131ndan yap\u0131lan son de\u011ferlendirmelere g\u00f6re Ayd\u0131n\u2019da Pazartesi g\u00fcn\u00fc sabah saatlerinden \u00f6\u011fle saatlerine kadar yerel olarak kuvvetli sa\u011fanak ve g\u00f6k g\u00fcr\u00fclt\u00fcl\u00fc sa\u011fanak ya\u011f\u0131\u015f bekleniyor.<\/p>\n<p>Meteoroloji 2. B\u00f6lge M\u00fcd\u00fcrl\u00fc\u011f\u00fc \u0130zmir B\u00f6lge Tahmin ve Erken Uyar\u0131 Merkezi taraf\u0131ndan yay\u0131mlanan uyar\u0131da, il genelinde do\u011fu kesimleri d\u0131\u015f\u0131nda kuvvetli ya\u011f\u0131\u015flar\u0131n etkili olaca\u011f\u0131 belirtildi. Nazilli, Kuyucak, Buharkent, Bozdo\u011fan ve Karacasu il\u00e7elerinin do\u011fu kesimlerinde ya\u011f\u0131\u015f\u0131n daha s\u0131n\u0131rl\u0131 olmas\u0131 beklenirken, Efeler ba\u015fta olmak \u00fczere Ku\u015fadas\u0131, Didim, S\u00f6ke, Germencik, \u0130ncirliova, Ko\u00e7arl\u0131, Karpuzlu, \u00c7ine, K\u00f6\u015fk, Sultanhisar ve Yenipazar il\u00e7elerinde ya\u011f\u0131\u015flar\u0131n yerel olarak kuvvetli olabilece\u011fi ifade edildi. Uyar\u0131da, kuvvetli ya\u011f\u0131\u015flar\u0131n sel, su bask\u0131n\u0131, heyelan, y\u0131ld\u0131r\u0131m, ya\u011f\u0131\u015f an\u0131nda kuvvetli r\u00fczgar ve k\u00fc\u00e7\u00fck \u00e7apl\u0131 dolu ya\u011f\u0131\u015f\u0131 gibi olumsuzluklara yol a\u00e7abilece\u011fi, ayr\u0131ca ula\u015f\u0131mda aksamalar ya\u015fanabilece\u011fi kaydedildi. Vatanda\u015flar\u0131n ve yetkililerin dikkatli ve tedbirli olmas\u0131 istendi.<\/p>\n<p>Meteoroloji yetkilileri, ya\u011f\u0131\u015flar\u0131n 16 \u015eubat Pazartesi g\u00fcn\u00fc saat 00.00 ile 11.00 aras\u0131nda etkili olmas\u0131n\u0131n beklendi\u011fini belirterek \u00f6zellikle dere yataklar\u0131na yak\u0131n b\u00f6lgelerde ya\u015fayanlar\u0131n ve s\u00fcr\u00fcc\u00fclerin dikkatli olmalar\u0131 gerekti\u011fini bildirdi.<br \/><\/p>\n","protected":false},"excerpt":{"rendered":"<p>Meteoroloji Genel M\u00fcd\u00fcrl\u00fc\u011f\u00fc taraf\u0131ndan yap\u0131lan son de\u011ferlendirmelere g\u00f6re Ayd\u0131n\u2019da Pazartesi g\u00fcn\u00fc sabah saatlerinden \u00f6\u011fle saatlerine kadar yerel olarak kuvvetli sa\u011fanak ve g\u00f6k g\u00fcr\u00fclt\u00fcl\u00fc sa\u011fanak ya\u011f\u0131\u015f bekleniyor. Meteoroloji 2. B\u00f6lge M\u00fcd\u00fcrl\u00fc\u011f\u00fc \u0130zmir B\u00f6lge Tahmin ve Erken Uyar\u0131 Merkezi taraf\u0131ndan yay\u0131mlanan uyar\u0131da, il genelinde do\u011fu kesimleri d\u0131\u015f\u0131nda kuvvetli ya\u011f\u0131\u015flar\u0131n etkili olaca\u011f\u0131 belirtildi. Nazilli, Kuyucak, Buharkent, Bozdo\u011fan ve&#8230;<\/p>\n","protected":false},"author":1,"featured_media":87945,"comment_status":"open","ping_status":"open","sticky":false,"template":"","format":"standard","meta":{"_crdt_document":"","footnotes":""},"categories":[1],"tags":[],"class_list":["post-87944","post","type-post","status-publish","format-standard","has-post-thumbnail","hentry","category-guncel"],"_links":{"self":[{"href":"https:\/\/www.egemtv.com\/index.php?rest_route=\/wp\/v2\/posts\/87944","targetHints":{"allow":["GET"]}}],"collection":[{"href":"https:\/\/www.egemtv.com\/index.php?rest_route=\/wp\/v2\/posts"}],"about":[{"href":"https:\/\/www.egemtv.com\/index.php?rest_route=\/wp\/v2\/types\/post"}],"author":[{"embeddable":true,"href":"https:\/\/www.egemtv.com\/index.php?rest_route=\/wp\/v2\/users\/1"}],"replies":[{"embeddable":true,"href":"https:\/\/www.egemtv.com\/index.php?rest_route=%2Fwp%2Fv2%2Fcomments&post=87944"}],"version-history":[{"count":1,"href":"https:\/\/www.egemtv.com\/index.php?rest_route=\/wp\/v2\/posts\/87944\/revisions"}],"predecessor-version":[{"id":87946,"href":"https:\/\/www.egemtv.com\/index.php?rest_route=\/wp\/v2\/posts\/87944\/revisions\/87946"}],"wp:featuredmedia":[{"embeddable":true,"href":"https:\/\/www.egemtv.com\/index.php?rest_route=\/wp\/v2\/media\/87945"}],"wp:attachment":[{"href":"https:\/\/www.egemtv.com\/index.php?rest_route=%2Fwp%2Fv2%2Fmedia&parent=87944"}],"wp:term":[{"taxonomy":"category","embeddable":true,"href":"https:\/\/www.egemtv.com\/index.php?rest_route=%2Fwp%2Fv2%2Fcategories&post=87944"},{"taxonomy":"post_tag","embeddable":true,"href":"https:\/\/www.egemtv.com\/index.php?rest_route=%2Fwp%2Fv2%2Ftags&post=87944"}],"curies":[{"name":"wp","href":"https:\/\/api.w.org\/{rel}","templated":true}]}}