{"id":87941,"date":"2026-02-15T14:35:30","date_gmt":"2026-02-15T11:35:30","guid":{"rendered":"https:\/\/www.egemtv.com\/?p=87941"},"modified":"2026-02-15T14:35:31","modified_gmt":"2026-02-15T11:35:31","slug":"genc-ogrencinin-ornek-projesine-buyuksehirden-destek","status":"publish","type":"post","link":"https:\/\/www.egemtv.com\/?p=87941","title":{"rendered":"Gen\u00e7 \u00f6\u011frencinin \u00f6rnek projesine b\u00fcy\u00fck\u015fehirden destek"},"content":{"rendered":"<p>Manisa B\u00fcy\u00fck\u015fehir Belediyesi, gen\u00e7lerin sosyal sorumluluk projelerine verdi\u011fi destekle \u00f6rnek olmaya devam ediyor. Manisa Celal Bayar \u00dcniversitesi (MCB\u00dc) \u00f6\u011frencisi Sultan D\u00f6nmez taraf\u0131ndan haz\u0131rlanan &#8220;Sa\u011fl\u0131k Odas\u0131 D\u00fczenleme ve Temel Sa\u011fl\u0131k Hizmetleri Temini Projesi&#8221;, B\u00fcy\u00fck\u015fehir Belediyesi\u2019nin ekipman deste\u011fiyle hayata ge\u00e7irildi.<br \/>\n<br \/>MCB\u00dc Sa\u011fl\u0131k Bilimleri Fak\u00fcltesi Sosyal Hizmet B\u00f6l\u00fcm\u00fc 3. s\u0131n\u0131f \u00f6\u011frencisi Sultan D\u00f6nmez, mahalledeki muayene ortam\u0131n\u0131n hijyen ve mahremiyet standartlar\u0131n\u0131 y\u00fckseltmek amac\u0131yla proje geli\u015ftirdi. K\u0131rsal b\u00f6lgelerde sa\u011fl\u0131k hizmetlerine eri\u015fimi kolayla\u015ft\u0131rmay\u0131 hedefleyen Manisa B\u00fcy\u00fck\u015fehir Belediyesi, projeye temel sa\u011fl\u0131k ekipmanlar\u0131 sa\u011flayarak destek verdi. Projenin tamamlanmas\u0131n\u0131n ard\u0131ndan Yunusemre il\u00e7esine ba\u011fl\u0131 \u0130lyas\u00e7\u0131lar Mahallesi\u2019nde tan\u0131t\u0131m program\u0131 d\u00fczenlendi.<br \/>\n<br \/>Programa, Manisa B\u00fcy\u00fck\u015fehir Belediyesi Sa\u011fl\u0131k \u0130\u015fleri Koordinat\u00f6r\u00fc Derya H\u00fcner ve Sa\u011fl\u0131k Hizmetleri \u015eube M\u00fcd\u00fcr\u00fc Ahmet M\u00fc\u015ftak Ayd\u0131n\u2019\u0131n yan\u0131 s\u0131ra Yunusemre Belediye Ba\u015fkan Yard\u0131mc\u0131s\u0131 Mehmet Mesut Do\u011fan, MCB\u00dc Sosyal Hizmet B\u00f6l\u00fcm\u00fc \u00d6\u011fretim Eleman\u0131 Ara\u015ft\u0131rma G\u00f6revlisi Dr. G\u00fcler Doymaz, Yunusemre \u0130l\u00e7e Emniyet M\u00fcd\u00fcr\u00fc H\u00fcsn\u00fc Uz ve mahalle sakinleri kat\u0131ld\u0131.<br \/>\n<br \/>Projenin mimar\u0131 Sultan D\u00f6nmez, mevcut muayene ortam\u0131n\u0131n fiziksel \u015fartlar\u0131n\u0131n yetersiz oldu\u011funu fark etmesiyle s\u00fcrecin ba\u015flad\u0131\u011f\u0131n\u0131 belirterek, &#8220;Sosyal hizmet e\u011fitimi alan bir \u00f6\u011frenci olarak bunu sa\u011fl\u0131k hakk\u0131na eri\u015fimde bir e\u015fitsizlik olarak g\u00f6rd\u00fcm ve B\u00fcy\u00fck\u015fehir Belediyemize ba\u015fvurdum. Talebimi geri \u00e7evirmediler ve birlikte modern bir sa\u011fl\u0131k odas\u0131 olu\u015fturduk. Destekleri i\u00e7in Manisa B\u00fcy\u00fck\u015fehir Belediye Ba\u015fkan\u0131m\u0131z Besim Dutlulu\u2019ya te\u015fekk\u00fcr ediyorum&#8221; dedi.<\/p>\n<p>&#8220;Sa\u011fl\u0131k hizmetlerini \u00e7ok \u00f6nemsiyoruz&#8221;<br \/>\n<br \/>Manisa B\u00fcy\u00fck\u015fehir Belediyesi Sa\u011fl\u0131k \u0130\u015fleri Koordinat\u00f6r\u00fc Derya H\u00fcner ise, Ba\u015fkan Besim Dutlulu\u2019nun \u00f6nc\u00fcl\u00fc\u011f\u00fcnde sa\u011fl\u0131k hizmetlerine b\u00fcy\u00fck \u00f6nem verdiklerini belirterek, &#8220;Sa\u011fl\u0131k hizmetlerinin iyile\u015ftirilmesi ad\u0131na yap\u0131labilecek her projede i\u015f birli\u011fine a\u00e7\u0131\u011f\u0131z. Mahalle \u00f6l\u00e7e\u011finde ger\u00e7ekle\u015ftirilen bu t\u00fcr \u00e7al\u0131\u015fmalar bizim i\u00e7in \u00e7ok de\u011ferli. \u2018\u00d6nce sa\u011fl\u0131k, herkes i\u00e7in sa\u011fl\u0131k\u2019 ilkesiyle \u00e7al\u0131\u015fmalar\u0131m\u0131z\u0131 s\u00fcrd\u00fcr\u00fcyoruz. Sa\u011fl\u0131k alan\u0131ndaki her iyile\u015ftirme, beraberinde fark\u0131ndal\u0131\u011f\u0131 ve sa\u011fl\u0131k okuryazarl\u0131\u011f\u0131n\u0131 da art\u0131r\u0131yor&#8221; ifadelerini kulland\u0131.<\/p>\n<p>&#8220;T\u00fcm deste\u011fimizi vermeye \u00e7al\u0131\u015ft\u0131k&#8221;<br \/>\n<br \/>Sa\u011fl\u0131k Hizmetleri \u015eube M\u00fcd\u00fcr\u00fc Ahmet M\u00fc\u015ftak Ayd\u0131n da halk sa\u011fl\u0131\u011f\u0131n\u0131n korunmas\u0131 ve sosyal belediyecili\u011fin geli\u015ftirilmesi ad\u0131na \u00e7al\u0131\u015fmalara devam ettiklerini kaydederek, &#8220;Ba\u015fkan\u0131m\u0131za konuyu ilettik, kendisi de gerekenin yap\u0131lmas\u0131n\u0131 istedi. Biz de elimizden geldi\u011fince destek sa\u011flad\u0131k. Hasta nakil ambulans\u0131 ve evde bak\u0131m hizmetlerimizle vatanda\u015flar\u0131m\u0131z\u0131n yan\u0131nday\u0131z. G\u00fcc\u00fcm\u00fcz yetti\u011fince hizmet etmeye devam edece\u011fiz&#8221; diye konu\u015ftu.<br \/>\n<br \/>Yunusemre Belediye Ba\u015fkan Yard\u0131mc\u0131s\u0131 Mehmet Mesut Do\u011fan ile Dr. G\u00fcler Doymaz da gen\u00e7 bir \u00f6\u011frencinin mahalle halk\u0131 i\u00e7in ortaya koydu\u011fu \u00e7aban\u0131n \u00f6rnek te\u015fkil etti\u011fini belirterek projede eme\u011fi ge\u00e7enlere te\u015fekk\u00fcr etti.<br \/><\/p>\n","protected":false},"excerpt":{"rendered":"<p>Manisa B\u00fcy\u00fck\u015fehir Belediyesi, gen\u00e7lerin sosyal sorumluluk projelerine verdi\u011fi destekle \u00f6rnek olmaya devam ediyor. Manisa Celal Bayar \u00dcniversitesi (MCB\u00dc) \u00f6\u011frencisi Sultan D\u00f6nmez taraf\u0131ndan haz\u0131rlanan &#8220;Sa\u011fl\u0131k Odas\u0131 D\u00fczenleme ve Temel Sa\u011fl\u0131k Hizmetleri Temini Projesi&#8221;, B\u00fcy\u00fck\u015fehir Belediyesi\u2019nin ekipman deste\u011fiyle hayata ge\u00e7irildi. MCB\u00dc Sa\u011fl\u0131k Bilimleri Fak\u00fcltesi Sosyal Hizmet B\u00f6l\u00fcm\u00fc 3. s\u0131n\u0131f \u00f6\u011frencisi Sultan D\u00f6nmez, mahalledeki muayene ortam\u0131n\u0131n hijyen ve&#8230;<\/p>\n","protected":false},"author":1,"featured_media":87942,"comment_status":"open","ping_status":"open","sticky":false,"template":"","format":"standard","meta":{"_crdt_document":"","footnotes":""},"categories":[2],"tags":[],"class_list":["post-87941","post","type-post","status-publish","format-standard","has-post-thumbnail","hentry","category-saglik"],"_links":{"self":[{"href":"https:\/\/www.egemtv.com\/index.php?rest_route=\/wp\/v2\/posts\/87941","targetHints":{"allow":["GET"]}}],"collection":[{"href":"https:\/\/www.egemtv.com\/index.php?rest_route=\/wp\/v2\/posts"}],"about":[{"href":"https:\/\/www.egemtv.com\/index.php?rest_route=\/wp\/v2\/types\/post"}],"author":[{"embeddable":true,"href":"https:\/\/www.egemtv.com\/index.php?rest_route=\/wp\/v2\/users\/1"}],"replies":[{"embeddable":true,"href":"https:\/\/www.egemtv.com\/index.php?rest_route=%2Fwp%2Fv2%2Fcomments&post=87941"}],"version-history":[{"count":1,"href":"https:\/\/www.egemtv.com\/index.php?rest_route=\/wp\/v2\/posts\/87941\/revisions"}],"predecessor-version":[{"id":87943,"href":"https:\/\/www.egemtv.com\/index.php?rest_route=\/wp\/v2\/posts\/87941\/revisions\/87943"}],"wp:featuredmedia":[{"embeddable":true,"href":"https:\/\/www.egemtv.com\/index.php?rest_route=\/wp\/v2\/media\/87942"}],"wp:attachment":[{"href":"https:\/\/www.egemtv.com\/index.php?rest_route=%2Fwp%2Fv2%2Fmedia&parent=87941"}],"wp:term":[{"taxonomy":"category","embeddable":true,"href":"https:\/\/www.egemtv.com\/index.php?rest_route=%2Fwp%2Fv2%2Fcategories&post=87941"},{"taxonomy":"post_tag","embeddable":true,"href":"https:\/\/www.egemtv.com\/index.php?rest_route=%2Fwp%2Fv2%2Ftags&post=87941"}],"curies":[{"name":"wp","href":"https:\/\/api.w.org\/{rel}","templated":true}]}}