{"id":87938,"date":"2026-02-15T13:54:47","date_gmt":"2026-02-15T10:54:47","guid":{"rendered":"https:\/\/www.egemtv.com\/?p=87938"},"modified":"2026-02-15T13:54:48","modified_gmt":"2026-02-15T10:54:48","slug":"izmirde-sevgililer-gunu-tatili-faciayla-bitti-1-olu-1-agir-yarali","status":"publish","type":"post","link":"https:\/\/www.egemtv.com\/?p=87938","title":{"rendered":"\u0130zmir\u2019de Sevgililer G\u00fcn\u00fc tatili faciayla bitti: 1 \u00f6l\u00fc, 1 a\u011f\u0131r yaral\u0131"},"content":{"rendered":"<p>\u0130zmir\u2019in Seferihisar il\u00e7esinde 14 \u015eubat Sevgililer G\u00fcn\u00fc tatili i\u00e7in bir otele giden \u00e7iftin odas\u0131nda \u00e7\u0131kan yang\u0131nda kad\u0131n hayat\u0131n\u0131 kaybetti, e\u015fi a\u011f\u0131r yaraland\u0131.<br \/>\n<br \/>S\u0131\u011fac\u0131k Mahallesi Akkum Caddesi\u2019ndeki butik otele giri\u015f yapan polis memuru Mehmet Ayten (50) ve e\u015fi Emine Ayten\u2019in (46) odas\u0131nda gece saatlerinde yang\u0131n \u00e7\u0131kt\u0131. Otel \u00e7al\u0131\u015fanlar\u0131n\u0131n ihbar\u0131 \u00fczerine b\u00f6lgeye \u00e7ok say\u0131da polis, itfaiye ve sa\u011fl\u0131k ekibi sevk edildi. Sa\u011fl\u0131k ekiplerince ilk m\u00fcdahaleleri yap\u0131lan yaral\u0131lardan Emine Ayten, kald\u0131r\u0131ld\u0131\u011f\u0131 Seferihisar Necat Hepkon Devlet Hastanesinde yap\u0131lan t\u00fcm m\u00fcdahalelere ra\u011fmen kurtar\u0131lamad\u0131. \u0130zmir \u015eehir Hastanesine sevk edilen Mehmet Ayten\u2019in ise hayati tehlikesinin s\u00fcrd\u00fc\u011f\u00fc \u00f6\u011frenildi.<br \/>\n<br \/>\u00d6te yandan, yang\u0131n\u0131n klimadan kaynakland\u0131\u011f\u0131 ve odadaki duman dedekt\u00f6rlerinin \u00e7al\u0131\u015fmad\u0131\u011f\u0131 \u00f6ne s\u00fcr\u00fcld\u00fc. Olay an\u0131nda panikle d\u0131\u015far\u0131 \u00e7\u0131kmak isteyen Mehmet Ayten\u2019in, kap\u0131ya y\u00f6neldi\u011fi s\u0131rada zehirlenerek kap\u0131n\u0131n arkas\u0131na y\u0131\u011f\u0131ld\u0131\u011f\u0131 belirtildi. Olayla ilgili soru\u015fturma kapsam\u0131nda 2 otel \u00e7al\u0131\u015fan\u0131n\u0131 ifadeleri al\u0131nmak \u00fczere karakola g\u00f6t\u00fcrd\u00fc.<br \/><\/p>\n","protected":false},"excerpt":{"rendered":"<p>\u0130zmir\u2019in Seferihisar il\u00e7esinde 14 \u015eubat Sevgililer G\u00fcn\u00fc tatili i\u00e7in bir otele giden \u00e7iftin odas\u0131nda \u00e7\u0131kan yang\u0131nda kad\u0131n hayat\u0131n\u0131 kaybetti, e\u015fi a\u011f\u0131r yaraland\u0131. S\u0131\u011fac\u0131k Mahallesi Akkum Caddesi\u2019ndeki butik otele giri\u015f yapan polis memuru Mehmet Ayten (50) ve e\u015fi Emine Ayten\u2019in (46) odas\u0131nda gece saatlerinde yang\u0131n \u00e7\u0131kt\u0131. Otel \u00e7al\u0131\u015fanlar\u0131n\u0131n ihbar\u0131 \u00fczerine b\u00f6lgeye \u00e7ok say\u0131da polis, itfaiye ve&#8230;<\/p>\n","protected":false},"author":1,"featured_media":87939,"comment_status":"open","ping_status":"open","sticky":false,"template":"","format":"standard","meta":{"_crdt_document":"","footnotes":""},"categories":[5],"tags":[],"class_list":["post-87938","post","type-post","status-publish","format-standard","has-post-thumbnail","hentry","category-asayis"],"_links":{"self":[{"href":"https:\/\/www.egemtv.com\/index.php?rest_route=\/wp\/v2\/posts\/87938","targetHints":{"allow":["GET"]}}],"collection":[{"href":"https:\/\/www.egemtv.com\/index.php?rest_route=\/wp\/v2\/posts"}],"about":[{"href":"https:\/\/www.egemtv.com\/index.php?rest_route=\/wp\/v2\/types\/post"}],"author":[{"embeddable":true,"href":"https:\/\/www.egemtv.com\/index.php?rest_route=\/wp\/v2\/users\/1"}],"replies":[{"embeddable":true,"href":"https:\/\/www.egemtv.com\/index.php?rest_route=%2Fwp%2Fv2%2Fcomments&post=87938"}],"version-history":[{"count":1,"href":"https:\/\/www.egemtv.com\/index.php?rest_route=\/wp\/v2\/posts\/87938\/revisions"}],"predecessor-version":[{"id":87940,"href":"https:\/\/www.egemtv.com\/index.php?rest_route=\/wp\/v2\/posts\/87938\/revisions\/87940"}],"wp:featuredmedia":[{"embeddable":true,"href":"https:\/\/www.egemtv.com\/index.php?rest_route=\/wp\/v2\/media\/87939"}],"wp:attachment":[{"href":"https:\/\/www.egemtv.com\/index.php?rest_route=%2Fwp%2Fv2%2Fmedia&parent=87938"}],"wp:term":[{"taxonomy":"category","embeddable":true,"href":"https:\/\/www.egemtv.com\/index.php?rest_route=%2Fwp%2Fv2%2Fcategories&post=87938"},{"taxonomy":"post_tag","embeddable":true,"href":"https:\/\/www.egemtv.com\/index.php?rest_route=%2Fwp%2Fv2%2Ftags&post=87938"}],"curies":[{"name":"wp","href":"https:\/\/api.w.org\/{rel}","templated":true}]}}