{"id":87935,"date":"2026-02-15T13:54:46","date_gmt":"2026-02-15T10:54:46","guid":{"rendered":"https:\/\/www.egemtv.com\/?p=87935"},"modified":"2026-02-15T13:54:47","modified_gmt":"2026-02-15T10:54:47","slug":"chp-genel-baskani-ozelin-mitingi-oncesi-chp-milas-ilce-baskani-kilbey-istifa-etti","status":"publish","type":"post","link":"https:\/\/www.egemtv.com\/?p=87935","title":{"rendered":"CHP Genel Ba\u015fkan\u0131 \u00d6zel\u2019in mitingi \u00f6ncesi CHP Milas \u0130l\u00e7e Ba\u015fkan\u0131 K\u0131lbey istifa etti"},"content":{"rendered":"<p>Cumhuriyet Halk Partisi (CHP) Genel Ba\u015fkan\u0131 \u00d6zg\u00fcr \u00d6zel\u2019in Mu\u011fla\u2019n\u0131n Milas il\u00e7esinde bug\u00fcn saat 14.00\u2019te ger\u00e7ekle\u015ftirece\u011fi miting \u00f6ncesi, bah\u00e7esindeki zeytin a\u011fa\u00e7lar\u0131n\u0131 kestirdi\u011fi iddia edilen CHP Milas \u0130l\u00e7e Ba\u015fkan\u0131 Ahmet K\u0131lbey istifa etti.<br \/>\n<br \/>Milas il\u00e7esine ba\u011fl\u0131 Mente\u015f Mahallesi\u2019nde, CHP Milas \u0130l\u00e7e Ba\u015fkan\u0131 Ahmet K\u0131lbey\u2019in iddiaya g\u00f6re bah\u00e7esindeki zeytin a\u011fa\u00e7lar\u0131n\u0131 kestirdi\u011fi g\u00fcndeme gelmi\u015fti. CHP Genel Ba\u015fkan\u0131 \u00d6zg\u00fcr \u00d6zel\u2019in Milas\u2019ta bug\u00fcn yap\u0131lacak olan mitingi \u00f6ncesi CHP Milas \u0130l\u00e7e Ba\u015fkan\u0131 Ahmet K\u0131lbey g\u00f6revinden istifa etti.<br \/>\n<br \/>CHP Milas \u0130l\u00e7e Ba\u015fkanl\u0131\u011f\u0131\u2019ndan yap\u0131lan a\u00e7\u0131klamada, &#8220;Partimizin vizyonu ve yereldeki g\u00fc\u00e7l\u00fc duru\u015fu, \u015fahsi g\u00f6r\u00fc\u015flerin her zaman \u00fczerinde yer alan sars\u0131lmaz bir b\u00fct\u00fcnd\u00fcr. Bu do\u011frultuda Milas \u0130l\u00e7e Ba\u015fkan\u0131m\u0131z, son d\u00f6nemde ya\u015fanan geli\u015fmeler \u0131\u015f\u0131\u011f\u0131nda; Genel Ba\u015fkan\u0131m\u0131z\u0131n liderli\u011findeki kararl\u0131 y\u00fcr\u00fcy\u00fc\u015f\u00fcm\u00fcze ve \u00f6rg\u00fct\u00fcm\u00fcz\u00fcn disiplinli duru\u015funa herhangi bir zarar gelmesini \u00f6nlemek amac\u0131yla g\u00f6revinden istifa etmi\u015ftir. Yeni y\u00f6netim s\u00fcreciyle ilgili bilgilendirmeler en k\u0131sa s\u00fcrede kamuoyu ile payla\u015f\u0131lacakt\u0131r&#8221; denildi.<\/p>\n<p>&#8220;Hangi y\u00fczle a\u011fa\u00e7 sevgisinden bahsedeceksiniz?&#8221;<br \/>\n<br \/>\u0130stifan\u0131n yeterli olmad\u0131\u011f\u0131n\u0131, mitingin iptal edilmesini gerekti\u011fini kaydeden AK Parti Mu\u011fla \u0130l Ba\u015fkan\u0131 Cengizhan G\u00fcng\u00f6r ise istifa haberi sonras\u0131 \u015fu ifadelere yer verdi:<br \/>\n<br \/>&#8220;CHP Genel Ba\u015fkan\u0131 \u00d6zg\u00fcr \u00d6zel, bug\u00fcn Milas\u2019ta \u2019Zeytin Mitingi\u2019 yapmak \u00fczere Milas il\u00e7emize gelmektedir. Ancak \u00d6zel\u2019in bilmesi gereken \u00e7ok ac\u0131 bir ger\u00e7ek vard\u0131r. Savunmaya geldi\u011fi zeytinlerin katili, bizzat kendi il\u00e7e ba\u015fkan\u0131d\u0131r. \u00d6zel bu mitingi derhal iptal etmelidir. Daha birka\u00e7 g\u00fcn \u00f6nce Akbelen \u00fczerinden \u00e7evrecilik \u015fovu yapan CHP Milas \u0130l\u00e7e Ba\u015fkan\u0131 Ahmet K\u0131lbey\u2019in, Mente\u015f Mahallesi\u2019ndeki zeytinleri nas\u0131l ac\u0131mas\u0131zca kestirdi\u011fi t\u00fcm \u00e7\u0131plakl\u0131\u011f\u0131yla ortaya \u00e7\u0131km\u0131\u015ft\u0131r. Skandal\u0131n patlak vermesiyle istifa etmek zorunda kalan \u0130l\u00e7e Ba\u015fkan\u0131, zeytinli\u011finde in\u015faat rant\u0131 olu\u015fturabilmek i\u00e7in CHP\u2019li Milas Belediyesi\u2019nin Ruhsat ve Denetim M\u00fcd\u00fcr\u00fc olan damad\u0131 Cenk Soydan ile el ele vermi\u015ftir. \u00d6zg\u00fcr \u00d6zel\u2019e soruyoruz. Hangi y\u00fczle k\u00fcrs\u00fcye \u00e7\u0131kacaks\u0131n\u0131z? \u0130l\u00e7e ba\u015fkan\u0131n\u0131z\u0131n damad\u0131yla kurdu\u011fu \u2019ruhsatl\u0131 zeytin k\u0131y\u0131m\u0131\u2019 \u015febekesi belgeleriyle ortadayken, Milasl\u0131lara hangi y\u00fczle a\u011fa\u00e7 sevgisinden bahsedeceksiniz? \u00d6zel, yan\u0131n\u0131za al\u0131p halk\u0131 selamlayaca\u011f\u0131n\u0131z il\u00e7e ba\u015fkan\u0131n\u0131z nerede? Kendi bah\u00e7esindeki zeytini ranta kurban eden bir ismi k\u00fcrs\u00fcye \u00e7\u0131karamayacak olman\u0131n utanc\u0131, bu mitingin neden derhal iptal edilmesi gerekti\u011finin en a\u00e7\u0131k kan\u0131t\u0131d\u0131r. H\u00fclleli sat\u0131\u015fa cevab\u0131n\u0131z nedir? Kendi ba\u015fkan\u0131n\u0131z\u0131n, sorumluluktan ka\u00e7mak i\u00e7in el yaz\u0131s\u0131yla alelacele damad\u0131na yapt\u0131\u011f\u0131 \u2019h\u00fclleli\u2019 sat\u0131\u015f\u0131 ve noterden verdi\u011fi in\u015faat yetkilerini miting meydan\u0131nda anlatacak m\u0131s\u0131n\u0131z? \u0130stifa yetmez, iptal gerek. Su\u00e7\u00fcst\u00fc yakalanan il\u00e7e ba\u015fkan\u0131n\u0131z\u0131n istifas\u0131, bu organize samimiyetsizli\u011fi \u00f6rtmeye yetmez. Bu miting art\u0131k bir hak arama de\u011fil, Milas halk\u0131n\u0131n akl\u0131yla alay etme mitingidir. Eski il\u00e7e ba\u015fkan\u0131n\u0131z\u0131n bas\u0131na verdi\u011fi deme\u00e7te \u2019zeytinleri kestik\u2019 itiraf\u0131, partinizin ger\u00e7ek y\u00fcz\u00fcn\u00fcn bir yans\u0131mas\u0131d\u0131r. Kendi bah\u00e7esindeki as\u0131rl\u0131k a\u011fac\u0131 ranta kurban eden bir zihniyetin, Akbelen\u2019de enerji ba\u011f\u0131ms\u0131zl\u0131\u011f\u0131m\u0131za kar\u015f\u0131 durmas\u0131 tam bir ikiy\u00fczl\u00fcl\u00fckt\u00fcr. AK Parti Mu\u011fla \u0130l Ba\u015fkanl\u0131\u011f\u0131 olarak \u00d6zg\u00fcr \u00d6zel\u2019e \u00e7a\u011fr\u0131m\u0131z nettir: Bu utan\u00e7 tablosuyla y\u00fczle\u015fin. Elleri zeytin karas\u0131na bulanm\u0131\u015f bir te\u015fkilatla bu meydanda duramazs\u0131n\u0131z. Bu mitingi derhal iptal edin ve kendi il\u00e7e ba\u015fkan\u0131n\u0131z ile belediye kadrolar\u0131n\u0131z\u0131n ger\u00e7ekle\u015ftirdi\u011fi bu do\u011fa katliam\u0131 i\u00e7in Milas halk\u0131ndan \u00f6z\u00fcr dileyin. Milas halk\u0131, kendi damatlar\u0131na ruhsat, kendi zeytinliklerine dozer g\u00f6nderenlerin sahte \u00e7evrecili\u011fini yutmayacakt\u0131r.&#8221;<br \/><\/p>\n","protected":false},"excerpt":{"rendered":"<p>Cumhuriyet Halk Partisi (CHP) Genel Ba\u015fkan\u0131 \u00d6zg\u00fcr \u00d6zel\u2019in Mu\u011fla\u2019n\u0131n Milas il\u00e7esinde bug\u00fcn saat 14.00\u2019te ger\u00e7ekle\u015ftirece\u011fi miting \u00f6ncesi, bah\u00e7esindeki zeytin a\u011fa\u00e7lar\u0131n\u0131 kestirdi\u011fi iddia edilen CHP Milas \u0130l\u00e7e Ba\u015fkan\u0131 Ahmet K\u0131lbey istifa etti. Milas il\u00e7esine ba\u011fl\u0131 Mente\u015f Mahallesi\u2019nde, CHP Milas \u0130l\u00e7e Ba\u015fkan\u0131 Ahmet K\u0131lbey\u2019in iddiaya g\u00f6re bah\u00e7esindeki zeytin a\u011fa\u00e7lar\u0131n\u0131 kestirdi\u011fi g\u00fcndeme gelmi\u015fti. CHP Genel Ba\u015fkan\u0131 \u00d6zg\u00fcr \u00d6zel\u2019in&#8230;<\/p>\n","protected":false},"author":1,"featured_media":87936,"comment_status":"open","ping_status":"open","sticky":false,"template":"","format":"standard","meta":{"_crdt_document":"","footnotes":""},"categories":[127],"tags":[],"class_list":["post-87935","post","type-post","status-publish","format-standard","has-post-thumbnail","hentry","category-siyaset"],"_links":{"self":[{"href":"https:\/\/www.egemtv.com\/index.php?rest_route=\/wp\/v2\/posts\/87935","targetHints":{"allow":["GET"]}}],"collection":[{"href":"https:\/\/www.egemtv.com\/index.php?rest_route=\/wp\/v2\/posts"}],"about":[{"href":"https:\/\/www.egemtv.com\/index.php?rest_route=\/wp\/v2\/types\/post"}],"author":[{"embeddable":true,"href":"https:\/\/www.egemtv.com\/index.php?rest_route=\/wp\/v2\/users\/1"}],"replies":[{"embeddable":true,"href":"https:\/\/www.egemtv.com\/index.php?rest_route=%2Fwp%2Fv2%2Fcomments&post=87935"}],"version-history":[{"count":1,"href":"https:\/\/www.egemtv.com\/index.php?rest_route=\/wp\/v2\/posts\/87935\/revisions"}],"predecessor-version":[{"id":87937,"href":"https:\/\/www.egemtv.com\/index.php?rest_route=\/wp\/v2\/posts\/87935\/revisions\/87937"}],"wp:featuredmedia":[{"embeddable":true,"href":"https:\/\/www.egemtv.com\/index.php?rest_route=\/wp\/v2\/media\/87936"}],"wp:attachment":[{"href":"https:\/\/www.egemtv.com\/index.php?rest_route=%2Fwp%2Fv2%2Fmedia&parent=87935"}],"wp:term":[{"taxonomy":"category","embeddable":true,"href":"https:\/\/www.egemtv.com\/index.php?rest_route=%2Fwp%2Fv2%2Fcategories&post=87935"},{"taxonomy":"post_tag","embeddable":true,"href":"https:\/\/www.egemtv.com\/index.php?rest_route=%2Fwp%2Fv2%2Ftags&post=87935"}],"curies":[{"name":"wp","href":"https:\/\/api.w.org\/{rel}","templated":true}]}}