{"id":87932,"date":"2026-02-15T13:54:45","date_gmt":"2026-02-15T10:54:45","guid":{"rendered":"https:\/\/www.egemtv.com\/?p=87932"},"modified":"2026-02-15T13:54:46","modified_gmt":"2026-02-15T10:54:46","slug":"izmirde-izbeton-kentsel-donusum-sorusturmasinda-21-gozalti","status":"publish","type":"post","link":"https:\/\/www.egemtv.com\/?p=87932","title":{"rendered":"\u0130zmir\u2019de \u0130ZBETON kentsel d\u00f6n\u00fc\u015f\u00fcm soru\u015fturmas\u0131nda 21 g\u00f6zalt\u0131"},"content":{"rendered":"<p>\u0130zmir Cumhuriyet Ba\u015fsavc\u0131l\u0131\u011f\u0131 koordinesinde y\u00fcr\u00fct\u00fclen \u0130ZBETON A.\u015e. kentsel d\u00f6n\u00fc\u015f\u00fcm soru\u015fturmas\u0131 kapsam\u0131nda, usuls\u00fcz sigorta primi \u00f6demesi yap\u0131ld\u0131\u011f\u0131 iddias\u0131yla haklar\u0131nda yakalama karar\u0131 verilen 23 \u015f\u00fcpheliden 21\u2019i g\u00f6zalt\u0131na al\u0131nd\u0131.<br \/>\n<br \/>\u0130ZBETON A.\u015e. ile S.S \u0130\u015f \u0130nsanlar\u0131 \u00d6rnekk\u00f6y Konut Yap\u0131 Kooperatifi aras\u0131nda imzalanan kentsel d\u00f6n\u00fc\u015f\u00fcm projesi s\u00f6zle\u015fmesiyle ilgili bilirki\u015fi incelemesi ger\u00e7ekle\u015ftirildi. Yap\u0131lan inceleme neticesinde, 23 \u0130ZBETON A.\u015e. \u00e7al\u0131\u015fan\u0131n\u0131n sigorta primlerinin \u00d6rnekk\u00f6y 4. Etapta \u00e7al\u0131\u015fm\u0131\u015f gibi g\u00f6sterildi\u011fi tespit edildi. 2022 y\u0131l\u0131nda \u0130ZBETON A.\u015e\u2019nin in\u015faat i\u015fini kooperatife devretmesine ra\u011fmen, m\u00fchendis ve \u00e7al\u0131\u015fanlar\u0131n kurum taraf\u0131ndan \u00e7al\u0131\u015ft\u0131r\u0131l\u0131yor gibi g\u00f6sterildi\u011fi belirlendi. Bu y\u00f6ntemle 170 bin lira ile 200 bin lira aras\u0131nda de\u011fi\u015fen prim ve maa\u015f \u00f6demesi yap\u0131ld\u0131\u011f\u0131 ortaya \u00e7\u0131kt\u0131. Olayla ilgili 23 \u015f\u00fcpheli hakk\u0131nda yakalama karar\u0131 \u00e7\u0131kar\u0131ld\u0131. \u015e\u00fcphelilerden 21\u2019i d\u00fczenlenen operasyonla g\u00f6zalt\u0131na al\u0131n\u0131rken, 2 \u015f\u00fcpheli hakk\u0131nda ise yakalama i\u015flemlerin devam etti\u011fi bildirildi. Olayla ilgili soru\u015fturma s\u00fcr\u00fcyor.<br \/><\/p>\n","protected":false},"excerpt":{"rendered":"<p>\u0130zmir Cumhuriyet Ba\u015fsavc\u0131l\u0131\u011f\u0131 koordinesinde y\u00fcr\u00fct\u00fclen \u0130ZBETON A.\u015e. kentsel d\u00f6n\u00fc\u015f\u00fcm soru\u015fturmas\u0131 kapsam\u0131nda, usuls\u00fcz sigorta primi \u00f6demesi yap\u0131ld\u0131\u011f\u0131 iddias\u0131yla haklar\u0131nda yakalama karar\u0131 verilen 23 \u015f\u00fcpheliden 21\u2019i g\u00f6zalt\u0131na al\u0131nd\u0131. \u0130ZBETON A.\u015e. ile S.S \u0130\u015f \u0130nsanlar\u0131 \u00d6rnekk\u00f6y Konut Yap\u0131 Kooperatifi aras\u0131nda imzalanan kentsel d\u00f6n\u00fc\u015f\u00fcm projesi s\u00f6zle\u015fmesiyle ilgili bilirki\u015fi incelemesi ger\u00e7ekle\u015ftirildi. Yap\u0131lan inceleme neticesinde, 23 \u0130ZBETON A.\u015e. \u00e7al\u0131\u015fan\u0131n\u0131n sigorta primlerinin&#8230;<\/p>\n","protected":false},"author":1,"featured_media":87933,"comment_status":"open","ping_status":"open","sticky":false,"template":"","format":"standard","meta":{"_crdt_document":"","footnotes":""},"categories":[5],"tags":[],"class_list":["post-87932","post","type-post","status-publish","format-standard","has-post-thumbnail","hentry","category-asayis"],"_links":{"self":[{"href":"https:\/\/www.egemtv.com\/index.php?rest_route=\/wp\/v2\/posts\/87932","targetHints":{"allow":["GET"]}}],"collection":[{"href":"https:\/\/www.egemtv.com\/index.php?rest_route=\/wp\/v2\/posts"}],"about":[{"href":"https:\/\/www.egemtv.com\/index.php?rest_route=\/wp\/v2\/types\/post"}],"author":[{"embeddable":true,"href":"https:\/\/www.egemtv.com\/index.php?rest_route=\/wp\/v2\/users\/1"}],"replies":[{"embeddable":true,"href":"https:\/\/www.egemtv.com\/index.php?rest_route=%2Fwp%2Fv2%2Fcomments&post=87932"}],"version-history":[{"count":1,"href":"https:\/\/www.egemtv.com\/index.php?rest_route=\/wp\/v2\/posts\/87932\/revisions"}],"predecessor-version":[{"id":87934,"href":"https:\/\/www.egemtv.com\/index.php?rest_route=\/wp\/v2\/posts\/87932\/revisions\/87934"}],"wp:featuredmedia":[{"embeddable":true,"href":"https:\/\/www.egemtv.com\/index.php?rest_route=\/wp\/v2\/media\/87933"}],"wp:attachment":[{"href":"https:\/\/www.egemtv.com\/index.php?rest_route=%2Fwp%2Fv2%2Fmedia&parent=87932"}],"wp:term":[{"taxonomy":"category","embeddable":true,"href":"https:\/\/www.egemtv.com\/index.php?rest_route=%2Fwp%2Fv2%2Fcategories&post=87932"},{"taxonomy":"post_tag","embeddable":true,"href":"https:\/\/www.egemtv.com\/index.php?rest_route=%2Fwp%2Fv2%2Ftags&post=87932"}],"curies":[{"name":"wp","href":"https:\/\/api.w.org\/{rel}","templated":true}]}}