{"id":87929,"date":"2026-02-15T13:14:48","date_gmt":"2026-02-15T10:14:48","guid":{"rendered":"https:\/\/www.egemtv.com\/?p=87929"},"modified":"2026-02-15T13:14:49","modified_gmt":"2026-02-15T10:14:49","slug":"mebx-projesi-ogrencilerde-umut-isigi-yakti","status":"publish","type":"post","link":"https:\/\/www.egemtv.com\/?p=87929","title":{"rendered":"MEB+X Projesi \u00f6\u011frencilerde umut \u0131\u015f\u0131\u011f\u0131 yakt\u0131"},"content":{"rendered":"<p>Manisa \u0130l Milli E\u011fitim M\u00fcd\u00fcrl\u00fc\u011f\u00fc taraf\u0131ndan hayata ge\u00e7irilen MEB+X Konu\u015fmalar\u0131 program\u0131n\u0131n ilki Yunusemre il\u00e7esindeki Fatih Anadolu Lisesi\u2019nde ger\u00e7ekle\u015ftirildi. Programa kat\u0131lan \u00f6\u011frenciler, karamsarl\u0131k ve gelecek vizyonu \u00fczerine yap\u0131lan s\u00f6yle\u015fiyle moral bulurken, yap\u0131lan anket sonu\u00e7lar\u0131nda hayat\u0131n anlam\u0131 indeksinin y\u00fczde 20\u2019den y\u00fczde 85\u2019e y\u00fckseldi\u011fi a\u00e7\u0131kland\u0131.<br \/>\n<br \/>Manisa \u0130l Milli E\u011fitim M\u00fcd\u00fcrl\u00fc\u011f\u00fc\u2019n\u00fcn yeni projesi MEB+X Konu\u015fmalar\u0131 kapsam\u0131nda d\u00fczenlenen &#8220;Karamsarl\u0131\u011f\u0131n Mekani\u011fi ve Gelecek&#8221; ba\u015fl\u0131kl\u0131 program, Yunusemre il\u00e7esindeki Fatih Anadolu Lisesi\u2019nde yo\u011fun kat\u0131l\u0131mla yap\u0131ld\u0131. Programa Manisa \u0130l Milli E\u011fitim M\u00fcd\u00fcr\u00fc Mehmet U\u011furelli ile Prof. Dr. M. Naci Efe konu\u015fmac\u0131 olarak kat\u0131ld\u0131.<\/p>\n<p>&#8220;Projenin temelinde \u00f6\u011frencilerin \u00e7a\u011fr\u0131s\u0131na cevap vermek var&#8221;<br \/>\n<br \/>Programda konu\u015fan Manisa \u0130l Milli E\u011fitim M\u00fcd\u00fcr\u00fc Mehmet U\u011furelli, Manisa genelinde lise \u00f6\u011frencileriyle yap\u0131lan anketlerin analiz edilmesi sonucu gen\u00e7lerin kendilerini de\u011ferli hissedecek etkinliklere ihtiya\u00e7 duyduklar\u0131n\u0131n tespit edildi\u011fini belirtti. MEB+X projesinin bu ihtiya\u00e7tan do\u011fdu\u011funu ifade eden U\u011furelli, &#8220;MEB, mill\u00ee e\u011fitim camias\u0131ndan tecr\u00fcbeli bir ismi; X ise \u00f6\u011frencilerin ilgi alanlar\u0131nda ba\u015far\u0131 hik\u00e2yesi bulunan konuk konu\u015fmac\u0131y\u0131 temsil ediyor. Bu proje kapsam\u0131nda Manisa\u2019daki t\u00fcm lise \u00f6\u011frencileriyle bir araya gelmeyi planl\u0131yoruz&#8221; dedi.<br \/>\n<br \/>Sunumunda karamsarl\u0131k, umutsuzluk, anlam aray\u0131\u015f\u0131 ve sorumluluk bilinci kavramlar\u0131n\u0131 tarihi \u00f6rneklerle ele alan U\u011furelli, karamsarl\u0131\u011f\u0131n \u00e7o\u011fu zaman ani de\u011fil, tan\u0131mlanamayan bir yoksunluk hissiyle ba\u015flad\u0131\u011f\u0131n\u0131 vurgulad\u0131. Tarihte kolera ve iskorb\u00fct gibi hastal\u0131klar kar\u015f\u0131s\u0131nda \u00e7\u00f6z\u00fcm\u00fcn yanl\u0131\u015f yerde aranmas\u0131n\u0131n b\u00fcy\u00fck kay\u0131plara yol a\u00e7t\u0131\u011f\u0131n\u0131 hat\u0131rlatan U\u011furelli, do\u011fru te\u015fhisin ve bak\u0131\u015f a\u00e7\u0131s\u0131n\u0131n bireysel ve toplumsal d\u00f6n\u00fc\u015f\u00fcmde belirleyici oldu\u011funu s\u00f6yledi.<\/p>\n<p>&#8220;Ben de\u011fil biz diyenler ba\u015far\u0131l\u0131 olur&#8221;<br \/>\n<br \/>T\u00fcrk milletinin tarihi rol\u00fcne de de\u011finen U\u011furelli, Balamir Han\u2019dan Fatih Sultan Mehmet\u2019e uzanan s\u00fcre\u00e7te ya\u015fanan geli\u015fmelerin d\u00fcnya tarihindeki k\u0131r\u0131lma noktalar\u0131na etkisini anlatt\u0131. Lise \u00f6\u011frencilerine hitaben &#8220;Ben yerine biz diyen, \u00e7a\u011fr\u0131lmay\u0131 beklemeden sorumluluk alan gen\u00e7ler karamsarl\u0131ktan kurtulur ve hayatlar\u0131na anlam katar&#8221; ifadelerini kullanan U\u011furelli, gen\u00e7 olman\u0131n gerekti\u011finde devlete omuz verecek iradeye sahip olmak anlam\u0131na geldi\u011fini s\u00f6yledi.<\/p>\n<p>&#8220;Ba\u015farmak i\u00e7in inanmak ve sebat etmek gerekir&#8221;<br \/>\n<br \/>Program\u0131n konuk konu\u015fmac\u0131s\u0131 Prof. Dr. M. Naci Efe ise &#8220;Giri\u015fimcilik ve Dijital D\u00f6n\u00fc\u015f\u00fcm&#8221; ba\u015fl\u0131kl\u0131 sunumunda, bireyin b\u00fcy\u00fck \u00f6l\u00e7\u00fcde i\u00e7inde bulundu\u011fu \u00e7evre taraf\u0131ndan \u015fekillendi\u011fini ifade etti. Giri\u015fimcili\u011fin temelinde ki\u015finin kendini ve \u00e7evresini do\u011fru tan\u0131mas\u0131n\u0131n yatt\u0131\u011f\u0131n\u0131 belirten Efe, zor \u015fartlar alt\u0131nda dahi azim ve inan\u00e7la ba\u015far\u0131ya ula\u015fman\u0131n m\u00fcmk\u00fcn oldu\u011funu dile getirdi.<br \/>\n<br \/>Yapay zeka teknolojilerinin h\u0131zla yayg\u0131nla\u015ft\u0131\u011f\u0131 g\u00fcn\u00fcm\u00fczde dijital yetkinliklerin \u00f6nemine dikkat \u00e7eken Efe, bu ara\u00e7lar\u0131 etkin kullanabilen bireylerin \u00e7a\u011f\u0131n gerekliliklerine daha kolay uyum sa\u011flayaca\u011f\u0131n\u0131 s\u00f6yledi.<\/p>\n<p>Anket sonu\u00e7lar\u0131 dikkat \u00e7ekti<br \/>\n<br \/>Program \u00f6ncesinde ve sonras\u0131nda, Milli E\u011fitim Bakanl\u0131\u011f\u0131n\u0131n yapay zeka destekli dijital \u00f6\u011frenme platformu MEB\u0130 \u00fczerinden \u00f6zel kodlarla bir anket uyguland\u0131. \u00d6n ankette y\u00fczde 20 seviyesinde \u00f6l\u00e7\u00fclen hayat\u0131n anlam\u0131 indeksinin, program sonras\u0131nda y\u00fczde 85\u2019e y\u00fckseldi\u011fi belirtildi. Uzmanlar, sonu\u00e7lar\u0131n \u00f6\u011frenciler \u00fczerinde y\u00fcksek oranda olumlu de\u011fi\u015fim sa\u011fland\u0131\u011f\u0131n\u0131 ortaya koydu\u011funu ifade etti.<br \/>\n<br \/>\u00d6\u011frenciler ise programda kli\u015fe s\u00f6ylemler yerine farkl\u0131 ve d\u00fc\u015f\u00fcnd\u00fcr\u00fcc\u00fc i\u00e7eriklerle kar\u015f\u0131la\u015ft\u0131klar\u0131n\u0131 belirterek, kendilerini de\u011ferli hissettiren bu \u00e7al\u0131\u015fmadan memnuniyet duyduklar\u0131n\u0131 dile getirdi.<br \/><\/p>\n","protected":false},"excerpt":{"rendered":"<p>Manisa \u0130l Milli E\u011fitim M\u00fcd\u00fcrl\u00fc\u011f\u00fc taraf\u0131ndan hayata ge\u00e7irilen MEB+X Konu\u015fmalar\u0131 program\u0131n\u0131n ilki Yunusemre il\u00e7esindeki Fatih Anadolu Lisesi\u2019nde ger\u00e7ekle\u015ftirildi. Programa kat\u0131lan \u00f6\u011frenciler, karamsarl\u0131k ve gelecek vizyonu \u00fczerine yap\u0131lan s\u00f6yle\u015fiyle moral bulurken, yap\u0131lan anket sonu\u00e7lar\u0131nda hayat\u0131n anlam\u0131 indeksinin y\u00fczde 20\u2019den y\u00fczde 85\u2019e y\u00fckseldi\u011fi a\u00e7\u0131kland\u0131. Manisa \u0130l Milli E\u011fitim M\u00fcd\u00fcrl\u00fc\u011f\u00fc\u2019n\u00fcn yeni projesi MEB+X Konu\u015fmalar\u0131 kapsam\u0131nda d\u00fczenlenen &#8220;Karamsarl\u0131\u011f\u0131n Mekani\u011fi&#8230;<\/p>\n","protected":false},"author":1,"featured_media":87930,"comment_status":"open","ping_status":"open","sticky":false,"template":"","format":"standard","meta":{"_crdt_document":"","footnotes":""},"categories":[1],"tags":[],"class_list":["post-87929","post","type-post","status-publish","format-standard","has-post-thumbnail","hentry","category-guncel"],"_links":{"self":[{"href":"https:\/\/www.egemtv.com\/index.php?rest_route=\/wp\/v2\/posts\/87929","targetHints":{"allow":["GET"]}}],"collection":[{"href":"https:\/\/www.egemtv.com\/index.php?rest_route=\/wp\/v2\/posts"}],"about":[{"href":"https:\/\/www.egemtv.com\/index.php?rest_route=\/wp\/v2\/types\/post"}],"author":[{"embeddable":true,"href":"https:\/\/www.egemtv.com\/index.php?rest_route=\/wp\/v2\/users\/1"}],"replies":[{"embeddable":true,"href":"https:\/\/www.egemtv.com\/index.php?rest_route=%2Fwp%2Fv2%2Fcomments&post=87929"}],"version-history":[{"count":1,"href":"https:\/\/www.egemtv.com\/index.php?rest_route=\/wp\/v2\/posts\/87929\/revisions"}],"predecessor-version":[{"id":87931,"href":"https:\/\/www.egemtv.com\/index.php?rest_route=\/wp\/v2\/posts\/87929\/revisions\/87931"}],"wp:featuredmedia":[{"embeddable":true,"href":"https:\/\/www.egemtv.com\/index.php?rest_route=\/wp\/v2\/media\/87930"}],"wp:attachment":[{"href":"https:\/\/www.egemtv.com\/index.php?rest_route=%2Fwp%2Fv2%2Fmedia&parent=87929"}],"wp:term":[{"taxonomy":"category","embeddable":true,"href":"https:\/\/www.egemtv.com\/index.php?rest_route=%2Fwp%2Fv2%2Fcategories&post=87929"},{"taxonomy":"post_tag","embeddable":true,"href":"https:\/\/www.egemtv.com\/index.php?rest_route=%2Fwp%2Fv2%2Ftags&post=87929"}],"curies":[{"name":"wp","href":"https:\/\/api.w.org\/{rel}","templated":true}]}}