{"id":87926,"date":"2026-02-15T13:14:46","date_gmt":"2026-02-15T10:14:46","guid":{"rendered":"https:\/\/www.egemtv.com\/?p=87926"},"modified":"2026-02-15T13:14:47","modified_gmt":"2026-02-15T10:14:47","slug":"su-baskininda-mahsur-kalan-4u-cocuk-5-kisi-kurtarildi","status":"publish","type":"post","link":"https:\/\/www.egemtv.com\/?p=87926","title":{"rendered":"Su bask\u0131n\u0131nda mahsur kalan 4\u2019\u00fc \u00e7ocuk 5 ki\u015fi kurtar\u0131ld\u0131"},"content":{"rendered":"<p>Manisa\u2019da etkili olan sa\u011fanak ya\u011f\u0131\u015f hayat\u0131 olumsuz etkiledi. \u015eehzadeler il\u00e7esinde su bask\u0131n\u0131 nedeniyle mahsur kalan 1 yeti\u015fkin ve 4 \u00e7ocuk, itfaiye ekiplerinin zaman\u0131nda m\u00fcdahalesiyle botla g\u00fcvenli alana tahliye edildi.<br \/>\n<br \/>Manisa genelinde etkili olan sa\u011fanak ya\u011f\u0131\u015f sonras\u0131 baz\u0131 mahallelerde su birikintileri ve ta\u015fk\u0131nlar meydana geldi. \u00d6zellikle Manisa\u2019n\u0131n \u015eehzadeler il\u00e7esine ba\u011fl\u0131 Ku\u015flubah\u00e7e Mahallesi\u2019nde y\u00fckselen su seviyesi nedeniyle 1 yeti\u015fkin ve 4 \u00e7ocuk bulunduklar\u0131 adreste mahsur kald\u0131.<br \/>\n<br \/>\u0130hbar \u00fczerine b\u00f6lgeye sevk edilen Manisa B\u00fcy\u00fck\u015fehir Belediyesi \u0130tfaiye Dairesi Ba\u015fkanl\u0131\u011f\u0131 ekipleri, k\u0131sa s\u00fcrede olay yerine ula\u015ft\u0131. Ekipler, mahsur kalan 5 ki\u015fiyi bot yard\u0131m\u0131yla bulunduklar\u0131 noktadan alarak g\u00fcvenli alana \u00e7\u0131kard\u0131.<br \/>\n<br \/>Sa\u011fl\u0131k durumlar\u0131n\u0131n iyi oldu\u011fu \u00f6\u011frenilen vatanda\u015flar\u0131n tedbir ama\u00e7l\u0131 kontrolleri yap\u0131l\u0131rken, b\u00f6lgede su tahliye ve g\u00fcvenlik \u00e7al\u0131\u015fmalar\u0131n\u0131n s\u00fcrd\u00fc\u011f\u00fc bildirildi. Yetkililer, vatanda\u015flar\u0131 olumsuz hava \u015fartlar\u0131na kar\u015f\u0131 dikkatli ve tedbirli olmalar\u0131 konusunda uyard\u0131.<br \/><\/p>\n","protected":false},"excerpt":{"rendered":"<p>Manisa\u2019da etkili olan sa\u011fanak ya\u011f\u0131\u015f hayat\u0131 olumsuz etkiledi. \u015eehzadeler il\u00e7esinde su bask\u0131n\u0131 nedeniyle mahsur kalan 1 yeti\u015fkin ve 4 \u00e7ocuk, itfaiye ekiplerinin zaman\u0131nda m\u00fcdahalesiyle botla g\u00fcvenli alana tahliye edildi. Manisa genelinde etkili olan sa\u011fanak ya\u011f\u0131\u015f sonras\u0131 baz\u0131 mahallelerde su birikintileri ve ta\u015fk\u0131nlar meydana geldi. \u00d6zellikle Manisa\u2019n\u0131n \u015eehzadeler il\u00e7esine ba\u011fl\u0131 Ku\u015flubah\u00e7e Mahallesi\u2019nde y\u00fckselen su seviyesi nedeniyle&#8230;<\/p>\n","protected":false},"author":1,"featured_media":87927,"comment_status":"open","ping_status":"open","sticky":false,"template":"","format":"standard","meta":{"_crdt_document":"","footnotes":""},"categories":[5],"tags":[],"class_list":["post-87926","post","type-post","status-publish","format-standard","has-post-thumbnail","hentry","category-asayis"],"_links":{"self":[{"href":"https:\/\/www.egemtv.com\/index.php?rest_route=\/wp\/v2\/posts\/87926","targetHints":{"allow":["GET"]}}],"collection":[{"href":"https:\/\/www.egemtv.com\/index.php?rest_route=\/wp\/v2\/posts"}],"about":[{"href":"https:\/\/www.egemtv.com\/index.php?rest_route=\/wp\/v2\/types\/post"}],"author":[{"embeddable":true,"href":"https:\/\/www.egemtv.com\/index.php?rest_route=\/wp\/v2\/users\/1"}],"replies":[{"embeddable":true,"href":"https:\/\/www.egemtv.com\/index.php?rest_route=%2Fwp%2Fv2%2Fcomments&post=87926"}],"version-history":[{"count":1,"href":"https:\/\/www.egemtv.com\/index.php?rest_route=\/wp\/v2\/posts\/87926\/revisions"}],"predecessor-version":[{"id":87928,"href":"https:\/\/www.egemtv.com\/index.php?rest_route=\/wp\/v2\/posts\/87926\/revisions\/87928"}],"wp:featuredmedia":[{"embeddable":true,"href":"https:\/\/www.egemtv.com\/index.php?rest_route=\/wp\/v2\/media\/87927"}],"wp:attachment":[{"href":"https:\/\/www.egemtv.com\/index.php?rest_route=%2Fwp%2Fv2%2Fmedia&parent=87926"}],"wp:term":[{"taxonomy":"category","embeddable":true,"href":"https:\/\/www.egemtv.com\/index.php?rest_route=%2Fwp%2Fv2%2Fcategories&post=87926"},{"taxonomy":"post_tag","embeddable":true,"href":"https:\/\/www.egemtv.com\/index.php?rest_route=%2Fwp%2Fv2%2Ftags&post=87926"}],"curies":[{"name":"wp","href":"https:\/\/api.w.org\/{rel}","templated":true}]}}