{"id":87923,"date":"2026-02-15T13:14:45","date_gmt":"2026-02-15T10:14:45","guid":{"rendered":"https:\/\/www.egemtv.com\/?p=87923"},"modified":"2026-02-15T13:14:46","modified_gmt":"2026-02-15T10:14:46","slug":"ramazan-oncesi-22-bin-sofraya-buyuksehirden-destek","status":"publish","type":"post","link":"https:\/\/www.egemtv.com\/?p=87923","title":{"rendered":"Ramazan \u00f6ncesi 22 bin sofraya b\u00fcy\u00fck\u015fehirden destek"},"content":{"rendered":"<p>Manisa B\u00fcy\u00fck\u015fehir Belediyesi, Ramazan ay\u0131n\u0131n bereketini hanelere ta\u015f\u0131mak amac\u0131yla il genelinde \u00f6nemli bir sosyal destek \u00e7al\u0131\u015fmas\u0131 ba\u015flatt\u0131. Sosyal incelemeler sonucu belirlenen 22 bin ihtiya\u00e7 sahibi aileye ula\u015ft\u0131r\u0131lacak g\u0131da kolilerinin da\u011f\u0131t\u0131m\u0131, ilk iftar \u00f6ncesi tamamlanmak \u00fczere h\u0131zla devam ediyor.<br \/>\n<br \/>Sa\u011fl\u0131k ve Sosyal Hizmetler Dairesi Ba\u015fkanl\u0131\u011f\u0131 koordinasyonunda y\u00fcr\u00fct\u00fclen \u00e7al\u0131\u015fmalar kapsam\u0131nda, ekipler mahalle mahalle dola\u015farak temel g\u0131da malzemelerinden olu\u015fan kolileri kap\u0131 kap\u0131 teslim ediyor. Temel mutfak ihtiya\u00e7lar\u0131n\u0131 eksiksiz kar\u015f\u0131layacak \u015fekilde haz\u0131rlanan paketlerle ihtiya\u00e7 sahibi vatanda\u015flar\u0131n b\u00fct\u00e7esine katk\u0131 sa\u011flanmas\u0131 ve Ramazan ay\u0131n\u0131 huzurla ge\u00e7irmeleri hedefleniyor.<\/p>\n<p>&#8220;Vatanda\u015flar\u0131m\u0131z\u0131n yan\u0131nda olmaya devam edece\u011fiz&#8221;<br \/>\n<br \/>Da\u011f\u0131t\u0131m s\u00fcreci hakk\u0131nda bilgi veren Sosyal Hizmetler \u015eube M\u00fcd\u00fcr\u00fc Murat Kul, \u00e7al\u0131\u015fman\u0131n Manisa B\u00fcy\u00fck\u015fehir Belediye Ba\u015fkan\u0131 Besim Dutlulu\u2019nun talimat\u0131yla titizlikle y\u00fcr\u00fct\u00fcld\u00fc\u011f\u00fcn\u00fc belirterek \u015funlar\u0131 s\u00f6yledi: &#8220;Toplam 22 bin g\u0131da paketini ihtiya\u00e7 sahibi ailelerimize ula\u015ft\u0131rmak i\u00e7in sahaday\u0131z. Paketlerimizde bir mutfa\u011f\u0131n ihtiya\u00e7 duyaca\u011f\u0131 temel g\u0131da \u00fcr\u00fcnlerinin tamam\u0131 yer al\u0131yor. B\u00fcy\u00fck\u015fehir Belediyesi olarak sosyal belediyecilik anlay\u0131\u015f\u0131yla her zaman vatanda\u015flar\u0131m\u0131z\u0131n yan\u0131nday\u0131z.&#8221;<br \/>\n<br \/>Sosyal belediyecilik vizyonuyla hareket eden Manisa B\u00fcy\u00fck\u015fehir Belediyesi, Ramazan ay\u0131 boyunca dayan\u0131\u015fma ve payla\u015fma k\u00fclt\u00fcr\u00fcn\u00fc g\u00fc\u00e7lendirecek farkl\u0131 projelere de imza atmaya devam edecek.<br \/><\/p>\n","protected":false},"excerpt":{"rendered":"<p>Manisa B\u00fcy\u00fck\u015fehir Belediyesi, Ramazan ay\u0131n\u0131n bereketini hanelere ta\u015f\u0131mak amac\u0131yla il genelinde \u00f6nemli bir sosyal destek \u00e7al\u0131\u015fmas\u0131 ba\u015flatt\u0131. Sosyal incelemeler sonucu belirlenen 22 bin ihtiya\u00e7 sahibi aileye ula\u015ft\u0131r\u0131lacak g\u0131da kolilerinin da\u011f\u0131t\u0131m\u0131, ilk iftar \u00f6ncesi tamamlanmak \u00fczere h\u0131zla devam ediyor. Sa\u011fl\u0131k ve Sosyal Hizmetler Dairesi Ba\u015fkanl\u0131\u011f\u0131 koordinasyonunda y\u00fcr\u00fct\u00fclen \u00e7al\u0131\u015fmalar kapsam\u0131nda, ekipler mahalle mahalle dola\u015farak temel g\u0131da malzemelerinden&#8230;<\/p>\n","protected":false},"author":1,"featured_media":87924,"comment_status":"open","ping_status":"open","sticky":false,"template":"","format":"standard","meta":{"_crdt_document":"","footnotes":""},"categories":[123],"tags":[],"class_list":["post-87923","post","type-post","status-publish","format-standard","has-post-thumbnail","hentry","category-gundem"],"_links":{"self":[{"href":"https:\/\/www.egemtv.com\/index.php?rest_route=\/wp\/v2\/posts\/87923","targetHints":{"allow":["GET"]}}],"collection":[{"href":"https:\/\/www.egemtv.com\/index.php?rest_route=\/wp\/v2\/posts"}],"about":[{"href":"https:\/\/www.egemtv.com\/index.php?rest_route=\/wp\/v2\/types\/post"}],"author":[{"embeddable":true,"href":"https:\/\/www.egemtv.com\/index.php?rest_route=\/wp\/v2\/users\/1"}],"replies":[{"embeddable":true,"href":"https:\/\/www.egemtv.com\/index.php?rest_route=%2Fwp%2Fv2%2Fcomments&post=87923"}],"version-history":[{"count":1,"href":"https:\/\/www.egemtv.com\/index.php?rest_route=\/wp\/v2\/posts\/87923\/revisions"}],"predecessor-version":[{"id":87925,"href":"https:\/\/www.egemtv.com\/index.php?rest_route=\/wp\/v2\/posts\/87923\/revisions\/87925"}],"wp:featuredmedia":[{"embeddable":true,"href":"https:\/\/www.egemtv.com\/index.php?rest_route=\/wp\/v2\/media\/87924"}],"wp:attachment":[{"href":"https:\/\/www.egemtv.com\/index.php?rest_route=%2Fwp%2Fv2%2Fmedia&parent=87923"}],"wp:term":[{"taxonomy":"category","embeddable":true,"href":"https:\/\/www.egemtv.com\/index.php?rest_route=%2Fwp%2Fv2%2Fcategories&post=87923"},{"taxonomy":"post_tag","embeddable":true,"href":"https:\/\/www.egemtv.com\/index.php?rest_route=%2Fwp%2Fv2%2Ftags&post=87923"}],"curies":[{"name":"wp","href":"https:\/\/api.w.org\/{rel}","templated":true}]}}