{"id":87920,"date":"2026-02-15T13:14:43","date_gmt":"2026-02-15T10:14:43","guid":{"rendered":"https:\/\/www.egemtv.com\/?p=87920"},"modified":"2026-02-15T13:14:45","modified_gmt":"2026-02-15T10:14:45","slug":"incirliovada-yol-coktu-suruculere-uyari-yapildi","status":"publish","type":"post","link":"https:\/\/www.egemtv.com\/?p=87920","title":{"rendered":"\u0130ncirliova\u2019da yol \u00e7\u00f6kt\u00fc, s\u00fcr\u00fcc\u00fclere uyar\u0131 yap\u0131ld\u0131"},"content":{"rendered":"<p>Ayd\u0131n\u2019\u0131n \u0130ncirliova il\u00e7esinde g\u00fcnlerdir etkili olan \u015fiddetli ya\u011f\u0131\u015flar ula\u015f\u0131m\u0131 olumsuz etkilemeye devam ederken, il\u00e7ede bir\u00e7ok mahalleye ba\u011flant\u0131 sa\u011flayan Arzular-Erbeyli yolu ak\u015fam saatlerinde meydana gelen g\u00f6\u00e7me nedeniyle tek \u015feride d\u00fc\u015ft\u00fc.<\/p>\n<p>Edinilen bilgiye g\u00f6re, aral\u0131ks\u0131z devam eden ya\u011f\u0131\u015flar\u0131n zemini yumu\u015fatmas\u0131 sonucu yolun bir b\u00f6l\u00fcm\u00fcnde \u00e7\u00f6kme meydana geldi. G\u00f6\u00e7\u00fck olu\u015fan k\u0131s\u0131m ula\u015f\u0131ma kapat\u0131l\u0131rken, trafik kontroll\u00fc olarak tek \u015feritten sa\u011flanmaya ba\u015fland\u0131. Yetkililer, b\u00f6lgede kazalar\u0131n \u00f6n\u00fcne ge\u00e7ilmesi i\u00e7in s\u00fcr\u00fcc\u00fclere dikkatli olmalar\u0131 ve alternatif g\u00fczergahlar\u0131 tercih etmeleri y\u00f6n\u00fcnde uyar\u0131da bulundu. Ekiplerin hasar tespit ve onar\u0131m \u00e7al\u0131\u015fmalar\u0131n\u0131 k\u0131sa s\u00fcrede tamamlayarak yolu tamamen ula\u015f\u0131ma a\u00e7mas\u0131 bekleniyor.<br \/><\/p>\n","protected":false},"excerpt":{"rendered":"<p>Ayd\u0131n\u2019\u0131n \u0130ncirliova il\u00e7esinde g\u00fcnlerdir etkili olan \u015fiddetli ya\u011f\u0131\u015flar ula\u015f\u0131m\u0131 olumsuz etkilemeye devam ederken, il\u00e7ede bir\u00e7ok mahalleye ba\u011flant\u0131 sa\u011flayan Arzular-Erbeyli yolu ak\u015fam saatlerinde meydana gelen g\u00f6\u00e7me nedeniyle tek \u015feride d\u00fc\u015ft\u00fc. Edinilen bilgiye g\u00f6re, aral\u0131ks\u0131z devam eden ya\u011f\u0131\u015flar\u0131n zemini yumu\u015fatmas\u0131 sonucu yolun bir b\u00f6l\u00fcm\u00fcnde \u00e7\u00f6kme meydana geldi. G\u00f6\u00e7\u00fck olu\u015fan k\u0131s\u0131m ula\u015f\u0131ma kapat\u0131l\u0131rken, trafik kontroll\u00fc olarak tek \u015feritten&#8230;<\/p>\n","protected":false},"author":1,"featured_media":87921,"comment_status":"open","ping_status":"open","sticky":false,"template":"","format":"standard","meta":{"_crdt_document":"","footnotes":""},"categories":[1],"tags":[],"class_list":["post-87920","post","type-post","status-publish","format-standard","has-post-thumbnail","hentry","category-guncel"],"_links":{"self":[{"href":"https:\/\/www.egemtv.com\/index.php?rest_route=\/wp\/v2\/posts\/87920","targetHints":{"allow":["GET"]}}],"collection":[{"href":"https:\/\/www.egemtv.com\/index.php?rest_route=\/wp\/v2\/posts"}],"about":[{"href":"https:\/\/www.egemtv.com\/index.php?rest_route=\/wp\/v2\/types\/post"}],"author":[{"embeddable":true,"href":"https:\/\/www.egemtv.com\/index.php?rest_route=\/wp\/v2\/users\/1"}],"replies":[{"embeddable":true,"href":"https:\/\/www.egemtv.com\/index.php?rest_route=%2Fwp%2Fv2%2Fcomments&post=87920"}],"version-history":[{"count":1,"href":"https:\/\/www.egemtv.com\/index.php?rest_route=\/wp\/v2\/posts\/87920\/revisions"}],"predecessor-version":[{"id":87922,"href":"https:\/\/www.egemtv.com\/index.php?rest_route=\/wp\/v2\/posts\/87920\/revisions\/87922"}],"wp:featuredmedia":[{"embeddable":true,"href":"https:\/\/www.egemtv.com\/index.php?rest_route=\/wp\/v2\/media\/87921"}],"wp:attachment":[{"href":"https:\/\/www.egemtv.com\/index.php?rest_route=%2Fwp%2Fv2%2Fmedia&parent=87920"}],"wp:term":[{"taxonomy":"category","embeddable":true,"href":"https:\/\/www.egemtv.com\/index.php?rest_route=%2Fwp%2Fv2%2Fcategories&post=87920"},{"taxonomy":"post_tag","embeddable":true,"href":"https:\/\/www.egemtv.com\/index.php?rest_route=%2Fwp%2Fv2%2Ftags&post=87920"}],"curies":[{"name":"wp","href":"https:\/\/api.w.org\/{rel}","templated":true}]}}