{"id":87917,"date":"2026-02-15T12:55:14","date_gmt":"2026-02-15T09:55:14","guid":{"rendered":"https:\/\/www.egemtv.com\/?p=87917"},"modified":"2026-02-15T12:55:15","modified_gmt":"2026-02-15T09:55:15","slug":"izmirde-kucuk-olcekli-balikciyla-dayanisma-eli","status":"publish","type":"post","link":"https:\/\/www.egemtv.com\/?p=87917","title":{"rendered":"\u0130zmir\u2019de k\u00fc\u00e7\u00fck \u00f6l\u00e7ekli bal\u0131k\u00e7\u0131yla dayan\u0131\u015fma eli"},"content":{"rendered":"<p>\u0130zmir B\u00fcy\u00fck\u015fehir Belediye Ba\u015fkan\u0131 Cemil Tugay, k\u00fc\u00e7\u00fck \u00f6l\u00e7ekli bal\u0131k\u00e7\u0131lar\u0131n \u00e7al\u0131\u015fma ko\u015fullar\u0131n\u0131n iyile\u015ftirilmesi i\u00e7in tekne bak\u0131m malzemesi deste\u011fini Seferihisar S\u0131\u011fac\u0131k\u2019tan ba\u015flatt\u0131. \u00dcreticinin y\u00fck\u00fcn\u00fc hafifletmeyi ve k\u0131y\u0131 bal\u0131k\u00e7\u0131l\u0131\u011f\u0131n\u0131 g\u00fc\u00e7lendirmeyi hedeflediklerini s\u00f6yleyen Ba\u015fkan Tugay, &#8220;G\u00f6revler gelip ge\u00e7ici ama dayan\u0131\u015fma kal\u0131c\u0131d\u0131r. \u015eehrimizin \u00fcreten insanlar\u0131yla bir b\u00fct\u00fcn olmal\u0131y\u0131z. Sizlerin eme\u011fi, bu kentin bereketidir&#8221; ifadelerini kulland\u0131.<br \/>\n<br \/>\u0130zmir B\u00fcy\u00fck\u015fehir Belediye Ba\u015fkan\u0131 Cemil Tugay, k\u00fc\u00e7\u00fck \u00f6l\u00e7ekli bal\u0131k\u00e7\u0131lara y\u00f6nelik tekne bak\u0131m malzemesi deste\u011fini S\u0131\u011fac\u0131k\u2019tan ba\u015flatt\u0131. \u00dcretimin kesintisiz s\u00fcrmesi ve k\u0131y\u0131 bal\u0131k\u00e7\u0131l\u0131\u011f\u0131n\u0131n g\u00fc\u00e7lenmesi amac\u0131yla hayata ge\u00e7irilen destek program\u0131, ilk olarak Seferihisar S\u0131\u011fac\u0131k Su \u00dcr\u00fcnleri Kooperatifi \u00fcyeleriyle hayata ge\u00e7irildi. Seferihisar Belediye Ba\u015fkan\u0131 \u0130smail Yeti\u015fkin\u2019in de kat\u0131ld\u0131\u011f\u0131 bulu\u015fmada Ba\u015fkan Tugay, b\u00f6lge ekonomisine ciddi katk\u0131 sa\u011flayan bal\u0131k\u00e7\u0131 esnaf\u0131n\u0131n d\u00fczenledi\u011fi mezata kat\u0131ld\u0131. Tugay, burada S\u0131\u011fac\u0131k Su \u00dcr\u00fcnleri Kooperatifi Ba\u015fkan\u0131 Ahmet Efeer ve \u00fcyelerin sorunlar\u0131n\u0131 da dinledi. Ba\u015fkan Tugay, &#8220;Seferihisar\u2019da oldu\u011fum ve sizleri g\u00f6rd\u00fc\u011f\u00fcm i\u00e7in \u00e7ok mutluyum. G\u00f6revler gelip ge\u00e7ici ama dayan\u0131\u015fma kal\u0131c\u0131d\u0131r. \u015eehrimizin \u00fcreten insanlar\u0131yla bir b\u00fct\u00fcn olmal\u0131y\u0131z. Sizlerin eme\u011fi, bu kentin bereketidir&#8221; dedi.<\/p>\n<p>&#8220;Millet i\u00e7in buraday\u0131z&#8221;<br \/>\n<br \/>\u0130zmir B\u00fcy\u00fck\u015fehir Belediye Ba\u015fkan\u0131 Cemil Tugay; \u015fehrin \u00fcreten, \u00e7al\u0131\u015fan her insan\u0131n\u0131n \u00e7ok k\u0131ymetli oldu\u011funu belirterek, \u0130zmir\u2019in ancak \u00e7al\u0131\u015farak, \u00fcreterek daha iyi noktalara gelece\u011fini d\u00fc\u015f\u00fcnd\u00fc\u011f\u00fcn\u00fc aktard\u0131. Bu yolda \u0130zmir B\u00fcy\u00fck\u015fehir Belediyesi\u2019nin \u00fczerine d\u00fc\u015feni yapt\u0131\u011f\u0131n\u0131 anlatan Ba\u015fkan Tugay, &#8220;Bizler milletimiz i\u00e7in buraday\u0131z. Sizlerle aram\u0131zdaki ili\u015fki samimi, kat\u0131ks\u0131z&#8221; dedi.<br \/>\n<br \/>Kimin hangi g\u00f6revde olursa olsun \u00fclkeye, kente de\u011fer katmas\u0131 gerekti\u011fini s\u00f6yleyen Ba\u015fkan Tugay, &#8220;Siz \u2019daha fazla \u00e7al\u0131\u015fmak, \u00fcretmek istiyoruz. \u015eehrimize daha fazla katk\u0131da bulunmak istiyoruz\u2019 dedi\u011finiz ve bundan dolay\u0131 talepte bulundu\u011funuz s\u00fcrece, biz de g\u00fcc\u00fcm\u00fcz yetti\u011fi kadar her zaman yan\u0131n\u0131zda olmaya devam edece\u011fiz. Emeklerinize sa\u011fl\u0131k. Yapt\u0131\u011f\u0131n\u0131z i\u015f bereketli olsun&#8221; ifadelerini kulland\u0131.<\/p>\n<p>\u00dcreticilerle bulu\u015ftu<br \/>\n<br \/>\u0130zmir B\u00fcy\u00fck\u015fehir Belediye Ba\u015fkan\u0131 Cemil Tugay, daha sonra Akarca Su \u00dcr\u00fcnleri Kooperatifi Ba\u015fkan\u0131 Behi\u00e7 \u00c7\u0131nar ile \u00fcyeleri ziyaret etti. Burada da esnaf\u0131n daha iyi ko\u015fullarda \u00e7al\u0131\u015fmas\u0131 i\u00e7in ellerinden gelen deste\u011fi verdiklerine de\u011finen Ba\u015fkan Tugay, k\u0131y\u0131 bal\u0131k\u00e7\u0131l\u0131\u011f\u0131n\u0131 te\u015fvik etmeye \u00e7al\u0131\u015ft\u0131klar\u0131n\u0131 belirtti.<br \/>\n<br \/>Tugay, burada Teos Yat ve Yelken Spor Kul\u00fcb\u00fc y\u00f6neticileri ve sporcular\u0131yla da k\u0131sa bir s\u00fcre sohbet etti. Bir sonraki durak ise Ulam\u0131\u015f Tar\u0131msal Kalk\u0131nma Kooperatifi oldu. Kooperatif Ba\u015fkan\u0131 Eyyup Kalayc\u0131 ile \u00fcyelerinin a\u011f\u0131rlad\u0131\u011f\u0131 Tugay, \u00fcretim hakk\u0131nda bilgi ald\u0131.<\/p>\n<p>Destek program\u0131 da a\u00e7\u0131kland\u0131<br \/>\n<br \/>\u0130zmir B\u00fcy\u00fck\u015fehir Belediyesi Tar\u0131msal Hizmetler Dairesi Ba\u015fkanl\u0131\u011f\u0131 taraf\u0131ndan y\u00fcr\u00fct\u00fclen destek program\u0131 da a\u00e7\u0131kland\u0131. Bu kapsamda su \u00fcr\u00fcnleri ruhsat tezkeresine sahip, kooperatif orta\u011f\u0131 ve 12 metre alt\u0131 tekneye sahip k\u00fc\u00e7\u00fck \u00f6l\u00e7ekli bal\u0131k\u00e7\u0131lara tekne bak\u0131m malzemesi deste\u011fi sa\u011flanacak. Destek \u00e7er\u00e7evesinde antifouling boya ve epoksi macun da\u011f\u0131t\u0131lacak. Antifouling boya ile teknelerin karinas\u0131nda yosun ve deniz organizmalar\u0131n\u0131n tutunmas\u0131 \u00f6nlenerek yak\u0131t t\u00fcketiminin azalt\u0131lmas\u0131 ve \u00e7evresel etkinin d\u00fc\u015f\u00fcr\u00fclmesi ama\u00e7lan\u0131yor. Epoksi macun deste\u011fiyle de teknelerin ekonomik \u00f6mr\u00fcn\u00fcn uzat\u0131lmas\u0131 hedefleniyor. B\u00f6ylece bal\u0131k\u00e7\u0131n\u0131n maliyeti azal\u0131rken \u00fcretimin s\u00fcrd\u00fcr\u00fclebilirli\u011fi g\u00fc\u00e7lendiriliyor.<br \/>\n<br \/>\u0130zmir genelinde 752 k\u00fc\u00e7\u00fck \u00f6l\u00e7ekli bal\u0131k\u00e7\u0131 destek i\u00e7in talepte bulunuldu. Program kapsam\u0131nda toplam 959 adet 2,5 litrelik boya ve bin 86 kilogram macun da\u011f\u0131t\u0131lacak.<br \/><\/p>\n","protected":false},"excerpt":{"rendered":"<p>\u0130zmir B\u00fcy\u00fck\u015fehir Belediye Ba\u015fkan\u0131 Cemil Tugay, k\u00fc\u00e7\u00fck \u00f6l\u00e7ekli bal\u0131k\u00e7\u0131lar\u0131n \u00e7al\u0131\u015fma ko\u015fullar\u0131n\u0131n iyile\u015ftirilmesi i\u00e7in tekne bak\u0131m malzemesi deste\u011fini Seferihisar S\u0131\u011fac\u0131k\u2019tan ba\u015flatt\u0131. \u00dcreticinin y\u00fck\u00fcn\u00fc hafifletmeyi ve k\u0131y\u0131 bal\u0131k\u00e7\u0131l\u0131\u011f\u0131n\u0131 g\u00fc\u00e7lendirmeyi hedeflediklerini s\u00f6yleyen Ba\u015fkan Tugay, &#8220;G\u00f6revler gelip ge\u00e7ici ama dayan\u0131\u015fma kal\u0131c\u0131d\u0131r. \u015eehrimizin \u00fcreten insanlar\u0131yla bir b\u00fct\u00fcn olmal\u0131y\u0131z. Sizlerin eme\u011fi, bu kentin bereketidir&#8221; ifadelerini kulland\u0131. \u0130zmir B\u00fcy\u00fck\u015fehir Belediye Ba\u015fkan\u0131 Cemil&#8230;<\/p>\n","protected":false},"author":1,"featured_media":87918,"comment_status":"open","ping_status":"open","sticky":false,"template":"","format":"standard","meta":{"_crdt_document":"","footnotes":""},"categories":[1],"tags":[],"class_list":["post-87917","post","type-post","status-publish","format-standard","has-post-thumbnail","hentry","category-guncel"],"_links":{"self":[{"href":"https:\/\/www.egemtv.com\/index.php?rest_route=\/wp\/v2\/posts\/87917","targetHints":{"allow":["GET"]}}],"collection":[{"href":"https:\/\/www.egemtv.com\/index.php?rest_route=\/wp\/v2\/posts"}],"about":[{"href":"https:\/\/www.egemtv.com\/index.php?rest_route=\/wp\/v2\/types\/post"}],"author":[{"embeddable":true,"href":"https:\/\/www.egemtv.com\/index.php?rest_route=\/wp\/v2\/users\/1"}],"replies":[{"embeddable":true,"href":"https:\/\/www.egemtv.com\/index.php?rest_route=%2Fwp%2Fv2%2Fcomments&post=87917"}],"version-history":[{"count":1,"href":"https:\/\/www.egemtv.com\/index.php?rest_route=\/wp\/v2\/posts\/87917\/revisions"}],"predecessor-version":[{"id":87919,"href":"https:\/\/www.egemtv.com\/index.php?rest_route=\/wp\/v2\/posts\/87917\/revisions\/87919"}],"wp:featuredmedia":[{"embeddable":true,"href":"https:\/\/www.egemtv.com\/index.php?rest_route=\/wp\/v2\/media\/87918"}],"wp:attachment":[{"href":"https:\/\/www.egemtv.com\/index.php?rest_route=%2Fwp%2Fv2%2Fmedia&parent=87917"}],"wp:term":[{"taxonomy":"category","embeddable":true,"href":"https:\/\/www.egemtv.com\/index.php?rest_route=%2Fwp%2Fv2%2Fcategories&post=87917"},{"taxonomy":"post_tag","embeddable":true,"href":"https:\/\/www.egemtv.com\/index.php?rest_route=%2Fwp%2Fv2%2Ftags&post=87917"}],"curies":[{"name":"wp","href":"https:\/\/api.w.org\/{rel}","templated":true}]}}