{"id":87911,"date":"2026-02-15T12:55:11","date_gmt":"2026-02-15T09:55:11","guid":{"rendered":"https:\/\/www.egemtv.com\/?p=87911"},"modified":"2026-02-15T12:55:12","modified_gmt":"2026-02-15T09:55:12","slug":"avrupa-taekwondo-musabakasinda-kuyucakli-sporculardan-cifte-bronz","status":"publish","type":"post","link":"https:\/\/www.egemtv.com\/?p=87911","title":{"rendered":"Avrupa Taekwondo m\u00fcsabakas\u0131nda Kuyucakl\u0131 sporculardan \u00e7ifte bronz"},"content":{"rendered":"<p>Avrupa Taekwondo Birli\u011fi (ETU) taraf\u0131ndan d\u00fczenlenen ETU Grand Prix eleme m\u00fcsabakalar\u0131nda Kuyucakl\u0131 sporcular \u00f6nemli bir ba\u015far\u0131ya imza atarak iki bronz madalya kazand\u0131.<\/p>\n<p>Y\u00fcksek puanl\u0131 kar\u015f\u0131la\u015fmalara sahne olan ve 13-14 \u015eubat 2026 tarihlerinde ger\u00e7ekle\u015ftirilen m\u00fcsabakalarda Kuyucakl\u0131 sporculardan Buse Y\u0131rt\u0131c\u0131 37 kilo bayanlar kategorisinde \u00fc\u00e7\u00fcnc\u00fc olurken, Mete T\u00fcrke\u015f ise 61 kilo erkekler kategorisinde \u00fc\u00e7\u00fcnc\u00fcl\u00fck elde etti. Uluslararas\u0131 arenada elde edilen derecelerle sporcular, ETU Grand Prix finallerine do\u011frudan kat\u0131lma hakk\u0131 da kazand\u0131. Ba\u015far\u0131lar\u0131yla hem il\u00e7elerini hem de T\u00fcrkiye\u2019yi gururland\u0131ran sporcular\u0131n elde etti\u011fi dereceler, il\u00e7ede sevin\u00e7le kar\u015f\u0131land\u0131. Sporcular\u0131n antren\u00f6r\u00fc elde edilen ba\u015far\u0131n\u0131n disiplinli \u00e7al\u0131\u015fma ve azmin sonucu oldu\u011funu belirterek, sporcular\u0131n hedeflerinin Avrupa ve d\u00fcnya \u015fampiyonalar\u0131nda daha b\u00fcy\u00fck dereceler elde etmek oldu\u011funu ifade etti.<br \/><\/p>\n","protected":false},"excerpt":{"rendered":"<p>Avrupa Taekwondo Birli\u011fi (ETU) taraf\u0131ndan d\u00fczenlenen ETU Grand Prix eleme m\u00fcsabakalar\u0131nda Kuyucakl\u0131 sporcular \u00f6nemli bir ba\u015far\u0131ya imza atarak iki bronz madalya kazand\u0131. Y\u00fcksek puanl\u0131 kar\u015f\u0131la\u015fmalara sahne olan ve 13-14 \u015eubat 2026 tarihlerinde ger\u00e7ekle\u015ftirilen m\u00fcsabakalarda Kuyucakl\u0131 sporculardan Buse Y\u0131rt\u0131c\u0131 37 kilo bayanlar kategorisinde \u00fc\u00e7\u00fcnc\u00fc olurken, Mete T\u00fcrke\u015f ise 61 kilo erkekler kategorisinde \u00fc\u00e7\u00fcnc\u00fcl\u00fck elde etti. Uluslararas\u0131&#8230;<\/p>\n","protected":false},"author":1,"featured_media":87912,"comment_status":"open","ping_status":"open","sticky":false,"template":"","format":"standard","meta":{"_crdt_document":"","footnotes":""},"categories":[4],"tags":[],"class_list":["post-87911","post","type-post","status-publish","format-standard","has-post-thumbnail","hentry","category-spor"],"_links":{"self":[{"href":"https:\/\/www.egemtv.com\/index.php?rest_route=\/wp\/v2\/posts\/87911","targetHints":{"allow":["GET"]}}],"collection":[{"href":"https:\/\/www.egemtv.com\/index.php?rest_route=\/wp\/v2\/posts"}],"about":[{"href":"https:\/\/www.egemtv.com\/index.php?rest_route=\/wp\/v2\/types\/post"}],"author":[{"embeddable":true,"href":"https:\/\/www.egemtv.com\/index.php?rest_route=\/wp\/v2\/users\/1"}],"replies":[{"embeddable":true,"href":"https:\/\/www.egemtv.com\/index.php?rest_route=%2Fwp%2Fv2%2Fcomments&post=87911"}],"version-history":[{"count":1,"href":"https:\/\/www.egemtv.com\/index.php?rest_route=\/wp\/v2\/posts\/87911\/revisions"}],"predecessor-version":[{"id":87913,"href":"https:\/\/www.egemtv.com\/index.php?rest_route=\/wp\/v2\/posts\/87911\/revisions\/87913"}],"wp:featuredmedia":[{"embeddable":true,"href":"https:\/\/www.egemtv.com\/index.php?rest_route=\/wp\/v2\/media\/87912"}],"wp:attachment":[{"href":"https:\/\/www.egemtv.com\/index.php?rest_route=%2Fwp%2Fv2%2Fmedia&parent=87911"}],"wp:term":[{"taxonomy":"category","embeddable":true,"href":"https:\/\/www.egemtv.com\/index.php?rest_route=%2Fwp%2Fv2%2Fcategories&post=87911"},{"taxonomy":"post_tag","embeddable":true,"href":"https:\/\/www.egemtv.com\/index.php?rest_route=%2Fwp%2Fv2%2Ftags&post=87911"}],"curies":[{"name":"wp","href":"https:\/\/api.w.org\/{rel}","templated":true}]}}