{"id":87908,"date":"2026-02-15T12:55:09","date_gmt":"2026-02-15T09:55:09","guid":{"rendered":"https:\/\/www.egemtv.com\/?p=87908"},"modified":"2026-02-15T12:55:10","modified_gmt":"2026-02-15T09:55:10","slug":"menemende-istinat-duvari-coken-bolgede-calismalar-ikinci-gununde","status":"publish","type":"post","link":"https:\/\/www.egemtv.com\/?p=87908","title":{"rendered":"Menemen\u2019de istinat duvar\u0131 \u00e7\u00f6ken b\u00f6lgede \u00e7al\u0131\u015fmalar ikinci g\u00fcn\u00fcnde"},"content":{"rendered":"<p>\u0130zmir\u2019in Menemen il\u00e7esinde istinat duvar\u0131n\u0131n \u00e7\u00f6kmesi sonucu 4 binan\u0131n hasar g\u00f6rd\u00fc\u011f\u00fc ve 151 ki\u015finin tahliye edildi\u011fi olayda \u00e7al\u0131\u015fmalar ikinci g\u00fcn\u00fcnde devam ediyor. Belediye ekipleri riskin b\u00fcy\u00fcmemesi i\u00e7in toprak alanda tahliye i\u015flemi ba\u015flatt\u0131.<br \/>\n<br \/>Olay, 29 Ekim Mahallesi\u2019nde d\u00fcn gece saatlerinde meydana geldi. Bir sitenin istinat duvar\u0131n\u0131n \u00e7\u00f6kmesi sonucu 7 otomobil ve 4 bina hasar g\u00f6rd\u00fc. Can kayb\u0131 veya yaralanman\u0131n ya\u015fanmad\u0131\u011f\u0131 olay sonras\u0131 riskli bulunan binalardaki vatanda\u015flar evlerinden \u00e7\u0131kar\u0131ld\u0131. \u00c7al\u0131\u015fmalar\u0131n ikinci g\u00fcn\u00fcnde Menemen Belediyesi ekipleri b\u00f6lgede yo\u011fun bir mesai harc\u0131yor. Ekipler, \u00fcst k\u0131s\u0131mda bulunan toprak alan\u0131n g\u00f6\u00e7en yola ve binalara ek y\u00fck bindirmemesi i\u00e7in toprak tahliyesi yap\u0131yor. Tedbir ama\u00e7l\u0131 evlerinden tahliye edilen 151 site sakinin ise belediyelere ait misafirhanelere yerle\u015ftirildi\u011fi \u00f6\u011frenildi.<br \/>\n<br \/>Mahalle sakinlerinden Mehmet Oktay Do\u011fru\u00f6z, arazinin do\u011fal yap\u0131s\u0131nda herhangi bir risk bulunmad\u0131\u011f\u0131n\u0131 ve su ak\u0131\u015f\u0131n\u0131n ola\u011fan seyrinde ilerledi\u011fini belirtti. Ek kat kazanmak amac\u0131yla in\u015faat sahas\u0131n\u0131n kot seviyesinin d\u00fc\u015f\u00fcr\u00fclmesinin dik bir yama\u00e7 olu\u015fumuna neden oldu\u011funu dile getiren Do\u011fru\u00f6z, &#8220;Bu yama\u00e7ta in\u015fa edilen istinat duvarlar\u0131n\u0131n yeterli mukavemete sahip olmamas\u0131 ve topra\u011f\u0131n ya\u011f\u0131\u015f nedeniyle suya doymas\u0131 sonucunda s\u00f6z konusu hadise meydana gelmi\u015ftir&#8221; ifadelerini kulland\u0131. Do\u011fru\u00f6z, arazinin do\u011fal yap\u0131s\u0131nda ya\u015fanmas\u0131 imkans\u0131z olan bu durumun, a\u00e7\u0131k\u00e7a zemin kotunun d\u00fc\u015f\u00fcr\u00fclmesi sebebiyle ger\u00e7ekle\u015fti\u011fini vurgulad\u0131.<br \/>\n<br \/>Mahalle sakini Osman B\u00fcy\u00fck\u015fahin, gece saat 03.30 sular\u0131nda istinat duvar\u0131n\u0131n b\u00fcy\u00fck bir g\u00fcr\u00fclt\u00fcyle \u00e7\u00f6kt\u00fc\u011f\u00fcn\u00fc belirtti. \u0130hbar \u00fczerine olay yerine itfaiye, sa\u011fl\u0131k ekipleri, AFAD ve belediye yetkililerinin s\u00fcratle intikal etti\u011fini aktaran B\u00fcy\u00fck\u015fahin, ekiplerin gerekli g\u00fcvenlik \u00f6nlemlerini ald\u0131\u011f\u0131n\u0131 ve m\u00fcdahale kapsam\u0131nda do\u011fal gaz ekipleri taraf\u0131ndan ana hatt\u0131n kapat\u0131larak gaz ak\u0131\u015f\u0131n\u0131n kesildi\u011fini ifade etti. G\u00fcn\u00fcn ayd\u0131nlanmas\u0131yla birlikte AFAD ekiplerinin kurtarma operasyonlar\u0131na ba\u015flad\u0131\u011f\u0131n\u0131 dile getiren B\u00fcy\u00fck\u015fahin, b\u00f6lgedeki ara\u00e7lar\u0131n bir k\u0131sm\u0131n\u0131n tahliye edildi\u011fini, \u00e7\u0131kar\u0131lmay\u0131 bekleyen di\u011fer ara\u00e7lar ile bir motosikletin bulundu\u011funu s\u00f6yledi.<br \/><\/p>\n","protected":false},"excerpt":{"rendered":"<p>\u0130zmir\u2019in Menemen il\u00e7esinde istinat duvar\u0131n\u0131n \u00e7\u00f6kmesi sonucu 4 binan\u0131n hasar g\u00f6rd\u00fc\u011f\u00fc ve 151 ki\u015finin tahliye edildi\u011fi olayda \u00e7al\u0131\u015fmalar ikinci g\u00fcn\u00fcnde devam ediyor. Belediye ekipleri riskin b\u00fcy\u00fcmemesi i\u00e7in toprak alanda tahliye i\u015flemi ba\u015flatt\u0131. Olay, 29 Ekim Mahallesi\u2019nde d\u00fcn gece saatlerinde meydana geldi. Bir sitenin istinat duvar\u0131n\u0131n \u00e7\u00f6kmesi sonucu 7 otomobil ve 4 bina hasar g\u00f6rd\u00fc. Can&#8230;<\/p>\n","protected":false},"author":1,"featured_media":87909,"comment_status":"open","ping_status":"open","sticky":false,"template":"","format":"standard","meta":{"_crdt_document":"","footnotes":""},"categories":[5],"tags":[],"class_list":["post-87908","post","type-post","status-publish","format-standard","has-post-thumbnail","hentry","category-asayis"],"_links":{"self":[{"href":"https:\/\/www.egemtv.com\/index.php?rest_route=\/wp\/v2\/posts\/87908","targetHints":{"allow":["GET"]}}],"collection":[{"href":"https:\/\/www.egemtv.com\/index.php?rest_route=\/wp\/v2\/posts"}],"about":[{"href":"https:\/\/www.egemtv.com\/index.php?rest_route=\/wp\/v2\/types\/post"}],"author":[{"embeddable":true,"href":"https:\/\/www.egemtv.com\/index.php?rest_route=\/wp\/v2\/users\/1"}],"replies":[{"embeddable":true,"href":"https:\/\/www.egemtv.com\/index.php?rest_route=%2Fwp%2Fv2%2Fcomments&post=87908"}],"version-history":[{"count":1,"href":"https:\/\/www.egemtv.com\/index.php?rest_route=\/wp\/v2\/posts\/87908\/revisions"}],"predecessor-version":[{"id":87910,"href":"https:\/\/www.egemtv.com\/index.php?rest_route=\/wp\/v2\/posts\/87908\/revisions\/87910"}],"wp:featuredmedia":[{"embeddable":true,"href":"https:\/\/www.egemtv.com\/index.php?rest_route=\/wp\/v2\/media\/87909"}],"wp:attachment":[{"href":"https:\/\/www.egemtv.com\/index.php?rest_route=%2Fwp%2Fv2%2Fmedia&parent=87908"}],"wp:term":[{"taxonomy":"category","embeddable":true,"href":"https:\/\/www.egemtv.com\/index.php?rest_route=%2Fwp%2Fv2%2Fcategories&post=87908"},{"taxonomy":"post_tag","embeddable":true,"href":"https:\/\/www.egemtv.com\/index.php?rest_route=%2Fwp%2Fv2%2Ftags&post=87908"}],"curies":[{"name":"wp","href":"https:\/\/api.w.org\/{rel}","templated":true}]}}