{"id":87899,"date":"2026-02-15T12:14:54","date_gmt":"2026-02-15T09:14:54","guid":{"rendered":"https:\/\/www.egemtv.com\/?p=87899"},"modified":"2026-02-15T12:14:55","modified_gmt":"2026-02-15T09:14:55","slug":"manisada-selin-yaralari-sariliyor","status":"publish","type":"post","link":"https:\/\/www.egemtv.com\/?p=87899","title":{"rendered":"Manisa\u2019da selin yaralar\u0131 sar\u0131l\u0131yor"},"content":{"rendered":"<p>Manisa genelinde etkili olan yo\u011fun ya\u011f\u0131\u015flar\u0131n ard\u0131ndan sel felaketinin izlerini silmek i\u00e7in harekete ge\u00e7en Manisa B\u00fcy\u00fck\u015fehir Belediyesi, 12 hane ve 1 i\u015fyerine toplam 705 bin liral\u0131k nakdi destek sa\u011flad\u0131. Salihli\u2019de sel sular\u0131na kap\u0131lan ar\u0131 kovanlar\u0131 i\u00e7in de \u00fcreticiye 40 adet kovan deste\u011fi verildi.<br \/>\n<br \/>Son g\u00fcnlerde Manisa genelinde etkisini art\u0131ran yo\u011fun ya\u011f\u0131\u015flar hayat\u0131 olumsuz etkiledi. Ya\u011f\u0131\u015flar\u0131n ba\u015flad\u0131\u011f\u0131 ilk andan itibaren sahaya inen Manisa B\u00fcy\u00fck\u015fehir Belediyesi ekipleri, gece g\u00fcnd\u00fcz demeden \u00f6nlem ve m\u00fcdahale \u00e7al\u0131\u015fmalar\u0131n\u0131 s\u00fcrd\u00fcrd\u00fc. Olabilecek risklerin \u00f6n\u00fcne ge\u00e7mek ve afetin etkisini en aza indirmek amac\u0131yla dere yataklar\u0131, mazgallar ve kritik noktalarda temizlik ve tahliye \u00e7al\u0131\u015fmalar\u0131 ger\u00e7ekle\u015ftirildi.<\/p>\n<p>B\u00fcy\u00fck\u015fehir harekete ge\u00e7ti<br \/>\n<br \/>Ya\u015fanan sel felaketinin ard\u0131ndan ma\u011fduriyetleri gidermek i\u00e7in h\u0131zla harekete ge\u00e7en belediye ekipleri, zarar g\u00f6ren vatanda\u015flara destek sa\u011flad\u0131. Salihli il\u00e7esinde sel sular\u0131na kap\u0131larak ar\u0131lar\u0131 telef olan bir \u00fcreticiye 40 adet ar\u0131 kovan\u0131 deste\u011fi verildi. Ayr\u0131ca yap\u0131lan hasar tespit \u00e7al\u0131\u015fmalar\u0131n\u0131n ard\u0131ndan 12 hane ve 1 i\u015fyerine toplam 705 bin liral\u0131k nakdi yard\u0131m ula\u015ft\u0131r\u0131ld\u0131.<br \/>\n<br \/>Soma\u2019da Bak\u0131r\u00e7ay\u2019\u0131n ta\u015fmas\u0131 sonucu meydana gelen sel afeti nedeniyle zarar g\u00f6ren vatanda\u015flar i\u00e7in de \u00e7al\u0131\u015fma ba\u015flat\u0131ld\u0131\u011f\u0131 bildirildi. Ekipler taraf\u0131ndan hasar tespit \u00e7al\u0131\u015fmalar\u0131n\u0131n tamamland\u0131\u011f\u0131, desteklerin en k\u0131sa s\u00fcrede hak sahiplerine ula\u015ft\u0131r\u0131laca\u011f\u0131 kaydedildi.<\/p>\n<p>&#8220;Destekler en k\u0131sa s\u00fcrede ula\u015ft\u0131r\u0131lacak&#8221;<br \/>\n<br \/>Manisa B\u00fcy\u00fck\u015fehir Belediye Ba\u015fkan\u0131 Besim Dutlulu, ya\u015fanan ya\u011f\u0131\u015flar\u0131n normal seviyelerin \u00fczerinde oldu\u011funu belirterek, &#8220;Beklenmeyen bir yo\u011funlukta gelen ya\u011f\u0131\u015flar\u0131 Manisa\u2019n\u0131n altyap\u0131s\u0131 maalesef kald\u0131ramad\u0131. Bu nedenle baz\u0131 noktalarda olumsuzluklar ya\u015fand\u0131 ve vatanda\u015flar\u0131m\u0131z ma\u011fdur oldu. T\u00fcm ekiplerimizle sahadayd\u0131k. Dere ve sulama kanallar\u0131n\u0131n suyu ta\u015f\u0131yamamas\u0131 nedeniyle baz\u0131 sorunlar meydana geldi. Yapt\u0131\u011f\u0131m\u0131z hasar tespit \u00e7al\u0131\u015fmalar\u0131 sonras\u0131nda 12 hane ve 1 i\u015fyerine toplam 705 bin liral\u0131k nakdi destek sa\u011flad\u0131k. Soma\u2019da ya\u015fanan sel sonras\u0131 da \u00e7al\u0131\u015fmalar\u0131m\u0131z\u0131 tamamlad\u0131k, en k\u0131sa s\u00fcrede destekleri ula\u015ft\u0131raca\u011f\u0131z. Manisa\u2019m\u0131za ge\u00e7mi\u015f olsun. Allah afetinden korusun&#8221; dedi.<br \/><\/p>\n","protected":false},"excerpt":{"rendered":"<p>Manisa genelinde etkili olan yo\u011fun ya\u011f\u0131\u015flar\u0131n ard\u0131ndan sel felaketinin izlerini silmek i\u00e7in harekete ge\u00e7en Manisa B\u00fcy\u00fck\u015fehir Belediyesi, 12 hane ve 1 i\u015fyerine toplam 705 bin liral\u0131k nakdi destek sa\u011flad\u0131. Salihli\u2019de sel sular\u0131na kap\u0131lan ar\u0131 kovanlar\u0131 i\u00e7in de \u00fcreticiye 40 adet kovan deste\u011fi verildi. Son g\u00fcnlerde Manisa genelinde etkisini art\u0131ran yo\u011fun ya\u011f\u0131\u015flar hayat\u0131 olumsuz etkiledi. Ya\u011f\u0131\u015flar\u0131n&#8230;<\/p>\n","protected":false},"author":1,"featured_media":87900,"comment_status":"open","ping_status":"open","sticky":false,"template":"","format":"standard","meta":{"_crdt_document":"","footnotes":""},"categories":[5],"tags":[],"class_list":["post-87899","post","type-post","status-publish","format-standard","has-post-thumbnail","hentry","category-asayis"],"_links":{"self":[{"href":"https:\/\/www.egemtv.com\/index.php?rest_route=\/wp\/v2\/posts\/87899","targetHints":{"allow":["GET"]}}],"collection":[{"href":"https:\/\/www.egemtv.com\/index.php?rest_route=\/wp\/v2\/posts"}],"about":[{"href":"https:\/\/www.egemtv.com\/index.php?rest_route=\/wp\/v2\/types\/post"}],"author":[{"embeddable":true,"href":"https:\/\/www.egemtv.com\/index.php?rest_route=\/wp\/v2\/users\/1"}],"replies":[{"embeddable":true,"href":"https:\/\/www.egemtv.com\/index.php?rest_route=%2Fwp%2Fv2%2Fcomments&post=87899"}],"version-history":[{"count":1,"href":"https:\/\/www.egemtv.com\/index.php?rest_route=\/wp\/v2\/posts\/87899\/revisions"}],"predecessor-version":[{"id":87901,"href":"https:\/\/www.egemtv.com\/index.php?rest_route=\/wp\/v2\/posts\/87899\/revisions\/87901"}],"wp:featuredmedia":[{"embeddable":true,"href":"https:\/\/www.egemtv.com\/index.php?rest_route=\/wp\/v2\/media\/87900"}],"wp:attachment":[{"href":"https:\/\/www.egemtv.com\/index.php?rest_route=%2Fwp%2Fv2%2Fmedia&parent=87899"}],"wp:term":[{"taxonomy":"category","embeddable":true,"href":"https:\/\/www.egemtv.com\/index.php?rest_route=%2Fwp%2Fv2%2Fcategories&post=87899"},{"taxonomy":"post_tag","embeddable":true,"href":"https:\/\/www.egemtv.com\/index.php?rest_route=%2Fwp%2Fv2%2Ftags&post=87899"}],"curies":[{"name":"wp","href":"https:\/\/api.w.org\/{rel}","templated":true}]}}