{"id":87896,"date":"2026-02-15T11:54:58","date_gmt":"2026-02-15T08:54:58","guid":{"rendered":"https:\/\/www.egemtv.com\/?p=87896"},"modified":"2026-02-15T11:54:59","modified_gmt":"2026-02-15T08:54:59","slug":"nazillide-kurumlar-arasi-saglik-tedbirleri-toplantisi-yapildi","status":"publish","type":"post","link":"https:\/\/www.egemtv.com\/?p=87896","title":{"rendered":"Nazilli\u2019de kurumlar aras\u0131 sa\u011fl\u0131k tedbirleri toplant\u0131s\u0131 yap\u0131ld\u0131"},"content":{"rendered":"<p>Ayd\u0131n\u2019\u0131n Nazilli il\u00e7esinde sa\u011fl\u0131k hizmetlerinde koordinasyonu art\u0131rmak amac\u0131yla kurumlar aras\u0131 i\u015f birli\u011fi toplant\u0131s\u0131 ger\u00e7ekle\u015ftirildi.<\/p>\n<p>Nazilli \u0130l\u00e7e Sa\u011fl\u0131k M\u00fcd\u00fcrl\u00fc\u011f\u00fc koordinesinde, Nazilli Cumhuriyet Sa\u011fl\u0131kl\u0131 Hayat Merkezi E\u011fitim Salonu\u2019nda d\u00fczenlenen \u2019Sa\u011fl\u0131k Tedbirleri Kurumlar Aras\u0131 \u0130\u015fbirli\u011fi Toplant\u0131s\u0131\u2019 Kaymakam Huriye K\u00fcpeli Kan ba\u015fkanl\u0131\u011f\u0131nda yap\u0131ld\u0131. Toplant\u0131da sa\u011fl\u0131k tedbirlerinin daha etkin uygulanmas\u0131, kurumlar aras\u0131 koordinasyonun g\u00fc\u00e7lendirilmesi ve \u00f6zellikle risk grubundaki bireylere y\u00f6nelik hizmetlerin daha h\u0131zl\u0131 ve etkili y\u00fcr\u00fct\u00fclmesi konular\u0131nda g\u00f6r\u00fc\u015f al\u0131\u015fveri\u015finde bulunuldu. Yetkililer, kamu kurumlar\u0131 aras\u0131nda kurulacak g\u00fc\u00e7l\u00fc i\u015f birli\u011finin vatanda\u015flara sunulan sa\u011fl\u0131k ve sosyal hizmetlerin kalitesini art\u0131raca\u011f\u0131n\u0131 ifade etti.<\/p>\n<p>Toplant\u0131ya Cumhuriyet Savc\u0131s\u0131 Eda \u00d6zt\u00fcrk, \u0130l\u00e7e Sa\u011fl\u0131k M\u00fcd\u00fcr\u00fc Dr. \u015eule Akba\u015f, \u0130l Sa\u011fl\u0131k M\u00fcd\u00fcrl\u00fc\u011f\u00fc Temsilcisi Sosyal \u00c7al\u0131\u015fmac\u0131 Serpil Kartal, Sosyal Hizmet Merkezi M\u00fcd\u00fcr Vekili Mahmut \u00c7etin, RAM M\u00fcd\u00fcr\u00fc Ya\u015far I\u015flak\u00e7a, Nazilli Adli Destek ve Ma\u011fdur Hizmetleri M\u00fcd\u00fcr Vekili Sar\u0131g\u00fcl O\u011fuz ile Nazilli Devlet Hastanesi ba\u015fhekim yard\u0131mc\u0131lar\u0131, \u00e7ocuk ergen psikiyatrisi uzman doktorlar\u0131 ve ilgili kurumlarda g\u00f6rev yapan hekim, psikolog, \u00e7ocuk geli\u015fimci, sosyal \u00e7al\u0131\u015fmac\u0131 ve pedagoglar kat\u0131ld\u0131.<br \/><\/p>\n","protected":false},"excerpt":{"rendered":"<p>Ayd\u0131n\u2019\u0131n Nazilli il\u00e7esinde sa\u011fl\u0131k hizmetlerinde koordinasyonu art\u0131rmak amac\u0131yla kurumlar aras\u0131 i\u015f birli\u011fi toplant\u0131s\u0131 ger\u00e7ekle\u015ftirildi. Nazilli \u0130l\u00e7e Sa\u011fl\u0131k M\u00fcd\u00fcrl\u00fc\u011f\u00fc koordinesinde, Nazilli Cumhuriyet Sa\u011fl\u0131kl\u0131 Hayat Merkezi E\u011fitim Salonu\u2019nda d\u00fczenlenen \u2019Sa\u011fl\u0131k Tedbirleri Kurumlar Aras\u0131 \u0130\u015fbirli\u011fi Toplant\u0131s\u0131\u2019 Kaymakam Huriye K\u00fcpeli Kan ba\u015fkanl\u0131\u011f\u0131nda yap\u0131ld\u0131. Toplant\u0131da sa\u011fl\u0131k tedbirlerinin daha etkin uygulanmas\u0131, kurumlar aras\u0131 koordinasyonun g\u00fc\u00e7lendirilmesi ve \u00f6zellikle risk grubundaki bireylere y\u00f6nelik&#8230;<\/p>\n","protected":false},"author":1,"featured_media":87897,"comment_status":"open","ping_status":"open","sticky":false,"template":"","format":"standard","meta":{"_crdt_document":"","footnotes":""},"categories":[1],"tags":[],"class_list":["post-87896","post","type-post","status-publish","format-standard","has-post-thumbnail","hentry","category-guncel"],"_links":{"self":[{"href":"https:\/\/www.egemtv.com\/index.php?rest_route=\/wp\/v2\/posts\/87896","targetHints":{"allow":["GET"]}}],"collection":[{"href":"https:\/\/www.egemtv.com\/index.php?rest_route=\/wp\/v2\/posts"}],"about":[{"href":"https:\/\/www.egemtv.com\/index.php?rest_route=\/wp\/v2\/types\/post"}],"author":[{"embeddable":true,"href":"https:\/\/www.egemtv.com\/index.php?rest_route=\/wp\/v2\/users\/1"}],"replies":[{"embeddable":true,"href":"https:\/\/www.egemtv.com\/index.php?rest_route=%2Fwp%2Fv2%2Fcomments&post=87896"}],"version-history":[{"count":1,"href":"https:\/\/www.egemtv.com\/index.php?rest_route=\/wp\/v2\/posts\/87896\/revisions"}],"predecessor-version":[{"id":87898,"href":"https:\/\/www.egemtv.com\/index.php?rest_route=\/wp\/v2\/posts\/87896\/revisions\/87898"}],"wp:featuredmedia":[{"embeddable":true,"href":"https:\/\/www.egemtv.com\/index.php?rest_route=\/wp\/v2\/media\/87897"}],"wp:attachment":[{"href":"https:\/\/www.egemtv.com\/index.php?rest_route=%2Fwp%2Fv2%2Fmedia&parent=87896"}],"wp:term":[{"taxonomy":"category","embeddable":true,"href":"https:\/\/www.egemtv.com\/index.php?rest_route=%2Fwp%2Fv2%2Fcategories&post=87896"},{"taxonomy":"post_tag","embeddable":true,"href":"https:\/\/www.egemtv.com\/index.php?rest_route=%2Fwp%2Fv2%2Ftags&post=87896"}],"curies":[{"name":"wp","href":"https:\/\/api.w.org\/{rel}","templated":true}]}}