{"id":87893,"date":"2026-02-15T11:34:55","date_gmt":"2026-02-15T08:34:55","guid":{"rendered":"https:\/\/www.egemtv.com\/?p=87893"},"modified":"2026-02-15T11:34:56","modified_gmt":"2026-02-15T08:34:56","slug":"minik-kramponlar-moral-depoladi","status":"publish","type":"post","link":"https:\/\/www.egemtv.com\/?p=87893","title":{"rendered":"Minik kramponlar moral depolad\u0131"},"content":{"rendered":"<p>Afyonkarahisar \u015euhut Hisarspor\u2019un altyap\u0131 tak\u0131mlar\u0131, d\u00fczenlenen sosyal etkinlikte bir araya gelerek hem moral depolad\u0131 hem de tak\u0131m ruhunu peki\u015ftirdi.<br \/>\n<br \/>U11, U12, U13, U14, U15 ve U16 kategorilerinde m\u00fccadele eden gen\u00e7 futbolcular, \u015euhut Ke\u015fkek Evi\u2019nde ger\u00e7ekle\u015ftirilen \u00e7i\u011f k\u00f6fte etkinli\u011finde keyifli anlar ya\u015fad\u0131. Yo\u011fun antrenman program\u0131na k\u0131sa bir ara veren sporcular, tak\u0131m arkada\u015flar\u0131yla birlikte vakit ge\u00e7irerek sosyal ba\u011flar\u0131n\u0131 g\u00fc\u00e7lendirme f\u0131rsat\u0131 buldu.<br \/>\n<br \/>Kul\u00fcp Ba\u015fkan\u0131 Mesut \u00c7elikkanat, Altyap\u0131 Sorumlusu Abd\u00fclkadir Zeybek ve Teknik Direkt\u00f6r Furkan Demir \u00f6nc\u00fcl\u00fc\u011f\u00fcnde organize edilen etkinlikte samimi ve ne\u015feli g\u00f6r\u00fcnt\u00fcler ortaya \u00e7\u0131kt\u0131.<br \/>\n<br \/>Gen\u00e7 sporcular\u0131n mutlulu\u011fu y\u00fczlerine yans\u0131rken, program altyap\u0131 oyuncular\u0131n\u0131n motivasyonuna da \u00f6nemli katk\u0131 sa\u011flad\u0131.<br \/>\n<br \/>Etkinlikte konu\u015fan \u00c7elikkanat ve Demir \u00e7ocuklar\u0131n bir araya gelerek telefon ve tablet gibi al\u0131\u015fkanl\u0131klardan uzak durmas\u0131n\u0131n \u00f6nemli oldu\u011funa dikkat \u00e7ekerek, eme\u011fi ge\u00e7enlere te\u015fekk\u00fcr ettiler.<br \/><\/p>\n","protected":false},"excerpt":{"rendered":"<p>Afyonkarahisar \u015euhut Hisarspor\u2019un altyap\u0131 tak\u0131mlar\u0131, d\u00fczenlenen sosyal etkinlikte bir araya gelerek hem moral depolad\u0131 hem de tak\u0131m ruhunu peki\u015ftirdi. U11, U12, U13, U14, U15 ve U16 kategorilerinde m\u00fccadele eden gen\u00e7 futbolcular, \u015euhut Ke\u015fkek Evi\u2019nde ger\u00e7ekle\u015ftirilen \u00e7i\u011f k\u00f6fte etkinli\u011finde keyifli anlar ya\u015fad\u0131. Yo\u011fun antrenman program\u0131na k\u0131sa bir ara veren sporcular, tak\u0131m arkada\u015flar\u0131yla birlikte vakit ge\u00e7irerek sosyal&#8230;<\/p>\n","protected":false},"author":1,"featured_media":87894,"comment_status":"open","ping_status":"open","sticky":false,"template":"","format":"standard","meta":{"_crdt_document":"","footnotes":""},"categories":[4],"tags":[],"class_list":["post-87893","post","type-post","status-publish","format-standard","has-post-thumbnail","hentry","category-spor"],"_links":{"self":[{"href":"https:\/\/www.egemtv.com\/index.php?rest_route=\/wp\/v2\/posts\/87893","targetHints":{"allow":["GET"]}}],"collection":[{"href":"https:\/\/www.egemtv.com\/index.php?rest_route=\/wp\/v2\/posts"}],"about":[{"href":"https:\/\/www.egemtv.com\/index.php?rest_route=\/wp\/v2\/types\/post"}],"author":[{"embeddable":true,"href":"https:\/\/www.egemtv.com\/index.php?rest_route=\/wp\/v2\/users\/1"}],"replies":[{"embeddable":true,"href":"https:\/\/www.egemtv.com\/index.php?rest_route=%2Fwp%2Fv2%2Fcomments&post=87893"}],"version-history":[{"count":1,"href":"https:\/\/www.egemtv.com\/index.php?rest_route=\/wp\/v2\/posts\/87893\/revisions"}],"predecessor-version":[{"id":87895,"href":"https:\/\/www.egemtv.com\/index.php?rest_route=\/wp\/v2\/posts\/87893\/revisions\/87895"}],"wp:featuredmedia":[{"embeddable":true,"href":"https:\/\/www.egemtv.com\/index.php?rest_route=\/wp\/v2\/media\/87894"}],"wp:attachment":[{"href":"https:\/\/www.egemtv.com\/index.php?rest_route=%2Fwp%2Fv2%2Fmedia&parent=87893"}],"wp:term":[{"taxonomy":"category","embeddable":true,"href":"https:\/\/www.egemtv.com\/index.php?rest_route=%2Fwp%2Fv2%2Fcategories&post=87893"},{"taxonomy":"post_tag","embeddable":true,"href":"https:\/\/www.egemtv.com\/index.php?rest_route=%2Fwp%2Fv2%2Ftags&post=87893"}],"curies":[{"name":"wp","href":"https:\/\/api.w.org\/{rel}","templated":true}]}}