{"id":87890,"date":"2026-02-15T11:14:50","date_gmt":"2026-02-15T08:14:50","guid":{"rendered":"https:\/\/www.egemtv.com\/?p=87890"},"modified":"2026-02-15T11:14:50","modified_gmt":"2026-02-15T08:14:50","slug":"kutahya-galatasaraylilar-derneginden-kamu-kurumlarina-nezaket-ziyareti","status":"publish","type":"post","link":"https:\/\/www.egemtv.com\/?p=87890","title":{"rendered":"K\u00fctahya Galatasarayl\u0131lar Derne\u011fi\u2019nden kamu kurumlar\u0131na nezaket ziyareti"},"content":{"rendered":"<p>K\u00fctahya Galatasarayl\u0131lar Derne\u011fi Ba\u015fkan\u0131 U\u011fur K\u0131rdar, derne\u011fin yeniden se\u00e7ilen y\u00f6netim kurulunun K\u00fctahya\u2019daki kamu kurumlar\u0131 ve \u00f6nemli payda\u015flara y\u00f6nelik bir dizi nezaket ziyareti ger\u00e7ekle\u015ftirdi\u011fini a\u00e7\u0131klad\u0131.<br \/>\n<br \/>K\u00fctahya Galatasarayl\u0131lar Derne\u011fi Ba\u015fkan\u0131 U\u011fur K\u0131rdar\u2019\u0131n verdi\u011fi bilgilere g\u00f6re, 1905 K\u00fctahya Galatasarayl\u0131lar Derne\u011fi y\u00f6netimi ziyaret program\u0131 kapsam\u0131nda; K\u00fctahya Valisi Musa I\u015f\u0131n, Hava Tugay\u0131 Komutan\u0131 Mustafa Ba\u015f, K\u00fctahya Ticaret ve Sanayi Odas\u0131 Ba\u015fkan\u0131 Esin G\u00fcral Argat, K\u00fctahya Sa\u011fl\u0131k Bilimleri \u00dcniversitesi Rekt\u00f6r\u00fc Ahmet Tekin, K\u00fctahya Dumlup\u0131nar \u00dcniversitesi Rekt\u00f6r\u00fc S\u00fcleyman K\u0131z\u0131ltoprak, K\u00fctahya \u0130l Emniyet M\u00fcd\u00fcr\u00fc Osman Elbir ve K\u00fctahya \u0130l Jandarma Komutan\u0131 Vedat K\u00fclt\u00fcr ile bir araya geldi.<br \/>\n<br \/>Ger\u00e7ekle\u015ftirilen ziyaretlerde, derne\u011fin y\u00fcr\u00fctt\u00fc\u011f\u00fc faaliyetler ve hedefler hakk\u0131nda kapsaml\u0131 bilgilendirmelerde bulunuldu. Ayr\u0131ca K\u00fctahya\u2019da hayata ge\u00e7irilmesi planlanan sosyal, k\u00fclt\u00fcrel ve sportif projeler \u00fczerine kar\u015f\u0131l\u0131kl\u0131 g\u00f6r\u00fc\u015f al\u0131\u015fveri\u015fi yap\u0131ld\u0131.<br \/>\n<br \/>Dernek Ba\u015fkan\u0131 U\u011fur K\u0131rdar, \u015fehirdeki t\u00fcm kurum ve payda\u015flarla i\u015f birli\u011fi i\u00e7erisinde hareket ederek toplumsal dayan\u0131\u015fmay\u0131 g\u00fc\u00e7lendirmeyi ve Galatasarayl\u0131l\u0131k k\u00fclt\u00fcr\u00fcn\u00fc K\u00fctahya\u2019da en iyi \u015fekilde temsil etmeyi ama\u00e7lad\u0131klar\u0131n\u0131 belirtti.<br \/>\n<br \/>K\u0131rdar, ziyaretlerin sonunda kendilerini kabul eden t\u00fcm kurum ve yetkililere g\u00f6sterdikleri ilgi ve misafirperverlik dolay\u0131s\u0131yla te\u015fekk\u00fcr etti.<br \/><\/p>\n","protected":false},"excerpt":{"rendered":"<p>K\u00fctahya Galatasarayl\u0131lar Derne\u011fi Ba\u015fkan\u0131 U\u011fur K\u0131rdar, derne\u011fin yeniden se\u00e7ilen y\u00f6netim kurulunun K\u00fctahya\u2019daki kamu kurumlar\u0131 ve \u00f6nemli payda\u015flara y\u00f6nelik bir dizi nezaket ziyareti ger\u00e7ekle\u015ftirdi\u011fini a\u00e7\u0131klad\u0131. K\u00fctahya Galatasarayl\u0131lar Derne\u011fi Ba\u015fkan\u0131 U\u011fur K\u0131rdar\u2019\u0131n verdi\u011fi bilgilere g\u00f6re, 1905 K\u00fctahya Galatasarayl\u0131lar Derne\u011fi y\u00f6netimi ziyaret program\u0131 kapsam\u0131nda; K\u00fctahya Valisi Musa I\u015f\u0131n, Hava Tugay\u0131 Komutan\u0131 Mustafa Ba\u015f, K\u00fctahya Ticaret ve Sanayi Odas\u0131&#8230;<\/p>\n","protected":false},"author":1,"featured_media":87891,"comment_status":"open","ping_status":"open","sticky":false,"template":"","format":"standard","meta":{"_crdt_document":"","footnotes":""},"categories":[4],"tags":[],"class_list":["post-87890","post","type-post","status-publish","format-standard","has-post-thumbnail","hentry","category-spor"],"_links":{"self":[{"href":"https:\/\/www.egemtv.com\/index.php?rest_route=\/wp\/v2\/posts\/87890","targetHints":{"allow":["GET"]}}],"collection":[{"href":"https:\/\/www.egemtv.com\/index.php?rest_route=\/wp\/v2\/posts"}],"about":[{"href":"https:\/\/www.egemtv.com\/index.php?rest_route=\/wp\/v2\/types\/post"}],"author":[{"embeddable":true,"href":"https:\/\/www.egemtv.com\/index.php?rest_route=\/wp\/v2\/users\/1"}],"replies":[{"embeddable":true,"href":"https:\/\/www.egemtv.com\/index.php?rest_route=%2Fwp%2Fv2%2Fcomments&post=87890"}],"version-history":[{"count":1,"href":"https:\/\/www.egemtv.com\/index.php?rest_route=\/wp\/v2\/posts\/87890\/revisions"}],"predecessor-version":[{"id":87892,"href":"https:\/\/www.egemtv.com\/index.php?rest_route=\/wp\/v2\/posts\/87890\/revisions\/87892"}],"wp:featuredmedia":[{"embeddable":true,"href":"https:\/\/www.egemtv.com\/index.php?rest_route=\/wp\/v2\/media\/87891"}],"wp:attachment":[{"href":"https:\/\/www.egemtv.com\/index.php?rest_route=%2Fwp%2Fv2%2Fmedia&parent=87890"}],"wp:term":[{"taxonomy":"category","embeddable":true,"href":"https:\/\/www.egemtv.com\/index.php?rest_route=%2Fwp%2Fv2%2Fcategories&post=87890"},{"taxonomy":"post_tag","embeddable":true,"href":"https:\/\/www.egemtv.com\/index.php?rest_route=%2Fwp%2Fv2%2Ftags&post=87890"}],"curies":[{"name":"wp","href":"https:\/\/api.w.org\/{rel}","templated":true}]}}