{"id":87887,"date":"2026-02-15T11:14:49","date_gmt":"2026-02-15T08:14:49","guid":{"rendered":"https:\/\/www.egemtv.com\/?p=87887"},"modified":"2026-02-15T11:14:50","modified_gmt":"2026-02-15T08:14:50","slug":"kutahyada-liseler-arasi-munazara-yarismasinin-finali-buyuk-heyecana-sahne-oldu","status":"publish","type":"post","link":"https:\/\/www.egemtv.com\/?p=87887","title":{"rendered":"K\u00fctahya\u2019da Liseler Aras\u0131 M\u00fcnazara Yar\u0131\u015fmas\u0131\u2019n\u0131n finali b\u00fcy\u00fck heyecana sahne oldu"},"content":{"rendered":"<p>K\u00fctahya\u2019da d\u00fczenlenen Liseler Aras\u0131 M\u00fcnazara Yar\u0131\u015fmas\u0131 Final Program\u0131, yo\u011fun kat\u0131l\u0131mla tamamland\u0131.<br \/>\n<br \/>Final program\u0131nda \u00f6\u011frenciler; belirlenen konular \u00e7er\u00e7evesinde bilgi birikimlerini, hitabet g\u00fc\u00e7lerini ve ikna kabiliyetlerini etkileyici bir \u015fekilde ortaya koydu. Farkl\u0131 g\u00f6r\u00fc\u015flerin sayg\u0131 ve ho\u015fg\u00f6r\u00fc ortam\u0131nda tart\u0131\u015f\u0131ld\u0131\u011f\u0131 programda, gen\u00e7ler d\u00fc\u015f\u00fcncelerini temellendirerek ifade etme becerileriyle izleyicilerden tam not ald\u0131. M\u00fcnazara k\u00fclt\u00fcr\u00fcn\u00fcn \u00f6zg\u00fcven geli\u015fimine, \u00e7ok y\u00f6nl\u00fc d\u00fc\u015f\u00fcnmeye ve demokratik tart\u0131\u015fma ortamlar\u0131n\u0131n g\u00fc\u00e7lenmesine sa\u011flad\u0131\u011f\u0131 katk\u0131lar da program boyunca bir kez daha g\u00f6zler \u00f6n\u00fcne serildi.<br \/>\n<br \/>Yar\u0131\u015fman\u0131n j\u00fcri \u00fcyeli\u011fini Prof. Dr. Sultan G\u00fc\u00e7l\u00fc, \u00d6\u011fretim \u00dcyesi Nigar \u00c7ekik ve Edebiyat \u00d6\u011fretmeni Galip Teber \u00fcstlendi.<br \/>\n<br \/>Final program\u0131, Ali G\u00fcral Lisesi \u00f6\u011frencilerinin birincili\u011fiyle tamamland\u0131. Dereceye giren \u00f6\u011frencilere \u00f6d\u00fcllerinin takdim edilmesinin ard\u0131ndan, g\u00fcn\u00fcn an\u0131s\u0131na \u00e7ekilen hat\u0131ra foto\u011fraflar\u0131yla program sona erdi.<br \/><\/p>\n","protected":false},"excerpt":{"rendered":"<p>K\u00fctahya\u2019da d\u00fczenlenen Liseler Aras\u0131 M\u00fcnazara Yar\u0131\u015fmas\u0131 Final Program\u0131, yo\u011fun kat\u0131l\u0131mla tamamland\u0131. Final program\u0131nda \u00f6\u011frenciler; belirlenen konular \u00e7er\u00e7evesinde bilgi birikimlerini, hitabet g\u00fc\u00e7lerini ve ikna kabiliyetlerini etkileyici bir \u015fekilde ortaya koydu. Farkl\u0131 g\u00f6r\u00fc\u015flerin sayg\u0131 ve ho\u015fg\u00f6r\u00fc ortam\u0131nda tart\u0131\u015f\u0131ld\u0131\u011f\u0131 programda, gen\u00e7ler d\u00fc\u015f\u00fcncelerini temellendirerek ifade etme becerileriyle izleyicilerden tam not ald\u0131. M\u00fcnazara k\u00fclt\u00fcr\u00fcn\u00fcn \u00f6zg\u00fcven geli\u015fimine, \u00e7ok y\u00f6nl\u00fc d\u00fc\u015f\u00fcnmeye ve&#8230;<\/p>\n","protected":false},"author":1,"featured_media":87888,"comment_status":"open","ping_status":"open","sticky":false,"template":"","format":"standard","meta":{"_crdt_document":"","footnotes":""},"categories":[1],"tags":[],"class_list":["post-87887","post","type-post","status-publish","format-standard","has-post-thumbnail","hentry","category-guncel"],"_links":{"self":[{"href":"https:\/\/www.egemtv.com\/index.php?rest_route=\/wp\/v2\/posts\/87887","targetHints":{"allow":["GET"]}}],"collection":[{"href":"https:\/\/www.egemtv.com\/index.php?rest_route=\/wp\/v2\/posts"}],"about":[{"href":"https:\/\/www.egemtv.com\/index.php?rest_route=\/wp\/v2\/types\/post"}],"author":[{"embeddable":true,"href":"https:\/\/www.egemtv.com\/index.php?rest_route=\/wp\/v2\/users\/1"}],"replies":[{"embeddable":true,"href":"https:\/\/www.egemtv.com\/index.php?rest_route=%2Fwp%2Fv2%2Fcomments&post=87887"}],"version-history":[{"count":1,"href":"https:\/\/www.egemtv.com\/index.php?rest_route=\/wp\/v2\/posts\/87887\/revisions"}],"predecessor-version":[{"id":87889,"href":"https:\/\/www.egemtv.com\/index.php?rest_route=\/wp\/v2\/posts\/87887\/revisions\/87889"}],"wp:featuredmedia":[{"embeddable":true,"href":"https:\/\/www.egemtv.com\/index.php?rest_route=\/wp\/v2\/media\/87888"}],"wp:attachment":[{"href":"https:\/\/www.egemtv.com\/index.php?rest_route=%2Fwp%2Fv2%2Fmedia&parent=87887"}],"wp:term":[{"taxonomy":"category","embeddable":true,"href":"https:\/\/www.egemtv.com\/index.php?rest_route=%2Fwp%2Fv2%2Fcategories&post=87887"},{"taxonomy":"post_tag","embeddable":true,"href":"https:\/\/www.egemtv.com\/index.php?rest_route=%2Fwp%2Fv2%2Ftags&post=87887"}],"curies":[{"name":"wp","href":"https:\/\/api.w.org\/{rel}","templated":true}]}}