{"id":87884,"date":"2026-02-15T10:35:39","date_gmt":"2026-02-15T07:35:39","guid":{"rendered":"https:\/\/www.egemtv.com\/?p=87884"},"modified":"2026-02-15T10:35:40","modified_gmt":"2026-02-15T07:35:40","slug":"koycegizde-bilsem-sanat-ruzgari-esti","status":"publish","type":"post","link":"https:\/\/www.egemtv.com\/?p=87884","title":{"rendered":"K\u00f6yce\u011fiz\u2019de B\u0130LSEM sanat r\u00fczgar\u0131 esti"},"content":{"rendered":"<p>K\u00f6yce\u011fiz Bilim ve Sanat Merkezi Resim Yetenek Alan\u0131 \u00f6\u011frencilerinin yapt\u0131\u011f\u0131 resimler ve M\u00fczik Yetenek alan\u0131 \u00f6\u011frencilerinin bireysel m\u00fczik performanslar\u0131 sunuldu.<\/p>\n<p>K\u00f6yce\u011fiz Bilim ve Sanat Merkezi \u00d6YG2-\u00d6YG3 Resim Yetenek Alan\u0131 \u00f6\u011frencilerinin \u00c7all\u0131 Ku\u015fa\u011f\u0131 Reprod\u00fcksiyon Resim Sergisi ve M\u00fczik Yetenek Alan\u0131 \u00f6\u011frencilerinin m\u00fczik performanslar\u0131 \u00f6zel bir AVM\u2019de ger\u00e7ekle\u015ftirildi. K\u00f6yce\u011fiz Bilim ve Sanat Merkezi taraf\u0131ndan d\u00fczenlenen sanat etkinli\u011fi a\u00e7\u0131l\u0131\u015f konu\u015fmas\u0131yla ba\u015flad\u0131. Resim Yetenek Alan\u0131ndan mezun olan \u00f6\u011frenciye belge takdimiyle devam etti. Ziyaret\u00e7iler resim sergisine b\u00fcy\u00fck ilgi g\u00f6sterdi. Program\u0131n ikinci b\u00f6l\u00fcm\u00fcnde M\u00fczik Yetenek Alan\u0131 \u00f6\u011frencileri farkl\u0131 enstr\u00fcmanlarla bireysel m\u00fczik performanslar\u0131n\u0131 sundular. \u0130zleyenler alk\u0131\u015flarla tam not verdiklerini g\u00f6sterdiler.<br \/><\/p>\n","protected":false},"excerpt":{"rendered":"<p>K\u00f6yce\u011fiz Bilim ve Sanat Merkezi Resim Yetenek Alan\u0131 \u00f6\u011frencilerinin yapt\u0131\u011f\u0131 resimler ve M\u00fczik Yetenek alan\u0131 \u00f6\u011frencilerinin bireysel m\u00fczik performanslar\u0131 sunuldu. K\u00f6yce\u011fiz Bilim ve Sanat Merkezi \u00d6YG2-\u00d6YG3 Resim Yetenek Alan\u0131 \u00f6\u011frencilerinin \u00c7all\u0131 Ku\u015fa\u011f\u0131 Reprod\u00fcksiyon Resim Sergisi ve M\u00fczik Yetenek Alan\u0131 \u00f6\u011frencilerinin m\u00fczik performanslar\u0131 \u00f6zel bir AVM\u2019de ger\u00e7ekle\u015ftirildi. K\u00f6yce\u011fiz Bilim ve Sanat Merkezi taraf\u0131ndan d\u00fczenlenen sanat etkinli\u011fi&#8230;<\/p>\n","protected":false},"author":1,"featured_media":87885,"comment_status":"open","ping_status":"open","sticky":false,"template":"","format":"standard","meta":{"_crdt_document":"","footnotes":""},"categories":[1],"tags":[],"class_list":["post-87884","post","type-post","status-publish","format-standard","has-post-thumbnail","hentry","category-guncel"],"_links":{"self":[{"href":"https:\/\/www.egemtv.com\/index.php?rest_route=\/wp\/v2\/posts\/87884","targetHints":{"allow":["GET"]}}],"collection":[{"href":"https:\/\/www.egemtv.com\/index.php?rest_route=\/wp\/v2\/posts"}],"about":[{"href":"https:\/\/www.egemtv.com\/index.php?rest_route=\/wp\/v2\/types\/post"}],"author":[{"embeddable":true,"href":"https:\/\/www.egemtv.com\/index.php?rest_route=\/wp\/v2\/users\/1"}],"replies":[{"embeddable":true,"href":"https:\/\/www.egemtv.com\/index.php?rest_route=%2Fwp%2Fv2%2Fcomments&post=87884"}],"version-history":[{"count":1,"href":"https:\/\/www.egemtv.com\/index.php?rest_route=\/wp\/v2\/posts\/87884\/revisions"}],"predecessor-version":[{"id":87886,"href":"https:\/\/www.egemtv.com\/index.php?rest_route=\/wp\/v2\/posts\/87884\/revisions\/87886"}],"wp:featuredmedia":[{"embeddable":true,"href":"https:\/\/www.egemtv.com\/index.php?rest_route=\/wp\/v2\/media\/87885"}],"wp:attachment":[{"href":"https:\/\/www.egemtv.com\/index.php?rest_route=%2Fwp%2Fv2%2Fmedia&parent=87884"}],"wp:term":[{"taxonomy":"category","embeddable":true,"href":"https:\/\/www.egemtv.com\/index.php?rest_route=%2Fwp%2Fv2%2Fcategories&post=87884"},{"taxonomy":"post_tag","embeddable":true,"href":"https:\/\/www.egemtv.com\/index.php?rest_route=%2Fwp%2Fv2%2Ftags&post=87884"}],"curies":[{"name":"wp","href":"https:\/\/api.w.org\/{rel}","templated":true}]}}