{"id":87881,"date":"2026-02-15T10:35:38","date_gmt":"2026-02-15T07:35:38","guid":{"rendered":"https:\/\/www.egemtv.com\/?p=87881"},"modified":"2026-02-15T10:35:39","modified_gmt":"2026-02-15T07:35:39","slug":"cinede-cemaat-ramazan-oncesi-sabah-namazinda-bulustu","status":"publish","type":"post","link":"https:\/\/www.egemtv.com\/?p=87881","title":{"rendered":"\u00c7ine\u2019de cemaat Ramazan \u00f6ncesi sabah namaz\u0131nda bulu\u015ftu"},"content":{"rendered":"<p>Diyanet \u0130\u015fleri Ba\u015fkanl\u0131\u011f\u0131 Din Hizmetleri Genel M\u00fcd\u00fcrl\u00fc\u011f\u00fc\u2019n\u00fcn talimatlar\u0131 kapsam\u0131nda Ramazan ay\u0131 \u00f6ncesi son Sabah Namaz\u0131 Bulu\u015fmas\u0131, \u00c7ine il\u00e7esinde yo\u011fun kat\u0131l\u0131mla ger\u00e7ekle\u015ftirildi.<\/p>\n<p>\u00c7ine \u0130l\u00e7e M\u00fcft\u00fcl\u00fc\u011f\u00fc taraf\u0131ndan organize edilen program, Karakollar Mahallesi\u2019ndeki Mevlana Camii\u2019nde yap\u0131ld\u0131. Sabah namaz\u0131 \u00f6ncesinde cami imam hatibi Sinan Bak\u0131rc\u0131 taraf\u0131ndan Kur\u2019an-\u0131 Kerim tilaveti okunurken, program sabah namaz\u0131n\u0131n ard\u0131ndan il\u00e7e vaizi Kamil Kabap\u2019\u0131n vaaz ve duas\u0131yla devam etti. Ramazan ay\u0131na manevi haz\u0131rl\u0131k amac\u0131yla ger\u00e7ekle\u015ftirilen program, yap\u0131lan ikramlarla sona erdi. \u00c7ine \u0130l\u00e7e M\u00fcft\u00fcl\u00fc\u011f\u00fc yetkilileri, Ramazan ay\u0131n\u0131n birlik, beraberlik ve payla\u015fma ruhunu g\u00fc\u00e7lendirmesi temennisinde bulundu.<br \/><\/p>\n","protected":false},"excerpt":{"rendered":"<p>Diyanet \u0130\u015fleri Ba\u015fkanl\u0131\u011f\u0131 Din Hizmetleri Genel M\u00fcd\u00fcrl\u00fc\u011f\u00fc\u2019n\u00fcn talimatlar\u0131 kapsam\u0131nda Ramazan ay\u0131 \u00f6ncesi son Sabah Namaz\u0131 Bulu\u015fmas\u0131, \u00c7ine il\u00e7esinde yo\u011fun kat\u0131l\u0131mla ger\u00e7ekle\u015ftirildi. \u00c7ine \u0130l\u00e7e M\u00fcft\u00fcl\u00fc\u011f\u00fc taraf\u0131ndan organize edilen program, Karakollar Mahallesi\u2019ndeki Mevlana Camii\u2019nde yap\u0131ld\u0131. Sabah namaz\u0131 \u00f6ncesinde cami imam hatibi Sinan Bak\u0131rc\u0131 taraf\u0131ndan Kur\u2019an-\u0131 Kerim tilaveti okunurken, program sabah namaz\u0131n\u0131n ard\u0131ndan il\u00e7e vaizi Kamil Kabap\u2019\u0131n vaaz&#8230;<\/p>\n","protected":false},"author":1,"featured_media":87882,"comment_status":"open","ping_status":"open","sticky":false,"template":"","format":"standard","meta":{"_crdt_document":"","footnotes":""},"categories":[1],"tags":[],"class_list":["post-87881","post","type-post","status-publish","format-standard","has-post-thumbnail","hentry","category-guncel"],"_links":{"self":[{"href":"https:\/\/www.egemtv.com\/index.php?rest_route=\/wp\/v2\/posts\/87881","targetHints":{"allow":["GET"]}}],"collection":[{"href":"https:\/\/www.egemtv.com\/index.php?rest_route=\/wp\/v2\/posts"}],"about":[{"href":"https:\/\/www.egemtv.com\/index.php?rest_route=\/wp\/v2\/types\/post"}],"author":[{"embeddable":true,"href":"https:\/\/www.egemtv.com\/index.php?rest_route=\/wp\/v2\/users\/1"}],"replies":[{"embeddable":true,"href":"https:\/\/www.egemtv.com\/index.php?rest_route=%2Fwp%2Fv2%2Fcomments&post=87881"}],"version-history":[{"count":1,"href":"https:\/\/www.egemtv.com\/index.php?rest_route=\/wp\/v2\/posts\/87881\/revisions"}],"predecessor-version":[{"id":87883,"href":"https:\/\/www.egemtv.com\/index.php?rest_route=\/wp\/v2\/posts\/87881\/revisions\/87883"}],"wp:featuredmedia":[{"embeddable":true,"href":"https:\/\/www.egemtv.com\/index.php?rest_route=\/wp\/v2\/media\/87882"}],"wp:attachment":[{"href":"https:\/\/www.egemtv.com\/index.php?rest_route=%2Fwp%2Fv2%2Fmedia&parent=87881"}],"wp:term":[{"taxonomy":"category","embeddable":true,"href":"https:\/\/www.egemtv.com\/index.php?rest_route=%2Fwp%2Fv2%2Fcategories&post=87881"},{"taxonomy":"post_tag","embeddable":true,"href":"https:\/\/www.egemtv.com\/index.php?rest_route=%2Fwp%2Fv2%2Ftags&post=87881"}],"curies":[{"name":"wp","href":"https:\/\/api.w.org\/{rel}","templated":true}]}}