{"id":87878,"date":"2026-02-15T10:14:46","date_gmt":"2026-02-15T07:14:46","guid":{"rendered":"https:\/\/www.egemtv.com\/?p=87878"},"modified":"2026-02-15T10:14:47","modified_gmt":"2026-02-15T07:14:47","slug":"sultanhisarda-goletler-saganakla-doldu-tasti","status":"publish","type":"post","link":"https:\/\/www.egemtv.com\/?p=87878","title":{"rendered":"Sultanhisar\u2019da g\u00f6letler sa\u011fanakla doldu ta\u015ft\u0131"},"content":{"rendered":"<p>Ayd\u0131n\u2019\u0131n Sultanhisar il\u00e7esinde bulunan sulama g\u00f6leti tam dolulu\u011fa ula\u015ft\u0131. Drone kameras\u0131 ile g\u00f6r\u00fcnt\u00fclenen g\u00f6letin suyla dolmas\u0131 \u00e7ift\u00e7ileri mutlu etti.<\/p>\n<p>Sultanhisar il\u00e7esine ba\u011fl\u0131 k\u0131rsal G\u00fcvendik Mahallesinde bulunan Malga\u00e7 \u00c7ay\u0131 \u00fczerinde kurulu G\u00fcvendik G\u00f6leti, son ya\u011f\u0131\u015flarla birlikte tam dolulu\u011funa ula\u015ft\u0131. G\u00f6letteki fazla suyun tahliye dildi\u011fi savaktan g\u00fcr\u00fcl g\u00fcr\u00fcl akan sular izleyenleri mutlu etti. Drone kameras\u0131 ile g\u00f6r\u00fcnt\u00fclenen g\u00f6letin su seviyesi ve savaktan akan fazla sular\u0131n g\u00f6r\u00fcnt\u00fcleri vatanda\u015flar taraf\u0131ndan ge\u00e7ti\u011fimiz y\u0131llarda ya\u015fanan kurakl\u0131\u011f\u0131n bu sene ya\u015fanmamas\u0131 dilekleri ile ifade edildi.<\/p>\n<p>Ayd\u0131n genelinde bulunan \u00e7ok say\u0131da g\u00f6lette de ayn\u0131 durumun ya\u015fanmas\u0131 \u00f6n\u00fcm\u00fczdeki yaz \u00e7ift\u00e7iler i\u00e7in umut olarak yans\u0131yor.<br \/><\/p>\n","protected":false},"excerpt":{"rendered":"<p>Ayd\u0131n\u2019\u0131n Sultanhisar il\u00e7esinde bulunan sulama g\u00f6leti tam dolulu\u011fa ula\u015ft\u0131. Drone kameras\u0131 ile g\u00f6r\u00fcnt\u00fclenen g\u00f6letin suyla dolmas\u0131 \u00e7ift\u00e7ileri mutlu etti. Sultanhisar il\u00e7esine ba\u011fl\u0131 k\u0131rsal G\u00fcvendik Mahallesinde bulunan Malga\u00e7 \u00c7ay\u0131 \u00fczerinde kurulu G\u00fcvendik G\u00f6leti, son ya\u011f\u0131\u015flarla birlikte tam dolulu\u011funa ula\u015ft\u0131. G\u00f6letteki fazla suyun tahliye dildi\u011fi savaktan g\u00fcr\u00fcl g\u00fcr\u00fcl akan sular izleyenleri mutlu etti. Drone kameras\u0131 ile g\u00f6r\u00fcnt\u00fclenen&#8230;<\/p>\n","protected":false},"author":1,"featured_media":87879,"comment_status":"open","ping_status":"open","sticky":false,"template":"","format":"standard","meta":{"_crdt_document":"","footnotes":""},"categories":[1],"tags":[],"class_list":["post-87878","post","type-post","status-publish","format-standard","has-post-thumbnail","hentry","category-guncel"],"_links":{"self":[{"href":"https:\/\/www.egemtv.com\/index.php?rest_route=\/wp\/v2\/posts\/87878","targetHints":{"allow":["GET"]}}],"collection":[{"href":"https:\/\/www.egemtv.com\/index.php?rest_route=\/wp\/v2\/posts"}],"about":[{"href":"https:\/\/www.egemtv.com\/index.php?rest_route=\/wp\/v2\/types\/post"}],"author":[{"embeddable":true,"href":"https:\/\/www.egemtv.com\/index.php?rest_route=\/wp\/v2\/users\/1"}],"replies":[{"embeddable":true,"href":"https:\/\/www.egemtv.com\/index.php?rest_route=%2Fwp%2Fv2%2Fcomments&post=87878"}],"version-history":[{"count":1,"href":"https:\/\/www.egemtv.com\/index.php?rest_route=\/wp\/v2\/posts\/87878\/revisions"}],"predecessor-version":[{"id":87880,"href":"https:\/\/www.egemtv.com\/index.php?rest_route=\/wp\/v2\/posts\/87878\/revisions\/87880"}],"wp:featuredmedia":[{"embeddable":true,"href":"https:\/\/www.egemtv.com\/index.php?rest_route=\/wp\/v2\/media\/87879"}],"wp:attachment":[{"href":"https:\/\/www.egemtv.com\/index.php?rest_route=%2Fwp%2Fv2%2Fmedia&parent=87878"}],"wp:term":[{"taxonomy":"category","embeddable":true,"href":"https:\/\/www.egemtv.com\/index.php?rest_route=%2Fwp%2Fv2%2Fcategories&post=87878"},{"taxonomy":"post_tag","embeddable":true,"href":"https:\/\/www.egemtv.com\/index.php?rest_route=%2Fwp%2Fv2%2Ftags&post=87878"}],"curies":[{"name":"wp","href":"https:\/\/api.w.org\/{rel}","templated":true}]}}