{"id":87875,"date":"2026-02-15T10:14:45","date_gmt":"2026-02-15T07:14:45","guid":{"rendered":"https:\/\/www.egemtv.com\/?p=87875"},"modified":"2026-02-15T10:14:46","modified_gmt":"2026-02-15T07:14:46","slug":"kosk-bascayirda-maneviyat-dolu-gece","status":"publish","type":"post","link":"https:\/\/www.egemtv.com\/?p=87875","title":{"rendered":"K\u00f6\u015fk Ba\u015f\u00e7ay\u0131r\u2019da maneviyat dolu gece"},"content":{"rendered":"<p>Ayd\u0131n\u2019\u0131n K\u00f6\u015fk il\u00e7esine ba\u011fl\u0131 Ba\u015f\u00e7ay\u0131r Mahallesi\u2019nde ibadet, sohbet, muhabbet ve me\u015fk ile maneviyat dolu bir gece ya\u015fand\u0131.<\/p>\n<p>Ba\u015f\u00e7ay\u0131r Mahallesi Merkez Camii\u2019nde ger\u00e7ekle\u015ftirilen programda \u0130l\u00e7e Vaizi Ahmet \u00c7elik, yats\u0131 namaz\u0131n\u0131 k\u0131ld\u0131rd\u0131. Namaz\u0131n ard\u0131ndan mahalle kahvesinde devam eden bulu\u015fmada \u0130l\u00e7e M\u00fcft\u00fcs\u00fc Nuri \u0130lkatm\u0131\u015f, kat\u0131l\u0131mc\u0131larla samimi bir sohbet ger\u00e7ekle\u015ftirdi. M\u00fcft\u00fc \u0130lkatm\u0131\u015f, sohbetinde medeniyetin k\u00f6kl\u00fc miras\u0131 ve b\u00fcy\u00fckl\u00fc\u011f\u00fc \u00fczerinde durarak, ge\u00e7mi\u015ften bug\u00fcne uzanan de\u011ferlerin birey ve toplum hayat\u0131ndaki belirleyici rol\u00fcne dikkat \u00e7ekti. Programda \u0130l\u00e7e Vaizi Ahmet \u00c7elik ile Din Hizmetleri Uzman\u0131 Abdullah Sami Avc\u0131 da s\u00f6z alarak, \u00f6zellikle gen\u00e7li\u011fin hedefleri, ideal sahibi olman\u0131n \u00f6nemi ve istikametli bir hayat in\u015fa etme konular\u0131nda \u00f6nemli mesajlar payla\u015ft\u0131. Gecenin sonunda ise Ba\u015f\u00e7ay\u0131r Merkez Camii \u0130mam Hatibi Selim Delig\u00f6z\u2019\u00fcn okudu\u011fu ilahiler ve bendir e\u015fli\u011finde Cengiz Ay taraf\u0131ndan yap\u0131lan me\u015fklerle g\u00f6n\u00fcller huzur buldu. Sohbeti, muhabbeti ve maneviyat\u0131 bir araya getiren program, kat\u0131l\u0131mc\u0131lar taraf\u0131ndan memnuniyetle kar\u015f\u0131land\u0131.<br \/><\/p>\n","protected":false},"excerpt":{"rendered":"<p>Ayd\u0131n\u2019\u0131n K\u00f6\u015fk il\u00e7esine ba\u011fl\u0131 Ba\u015f\u00e7ay\u0131r Mahallesi\u2019nde ibadet, sohbet, muhabbet ve me\u015fk ile maneviyat dolu bir gece ya\u015fand\u0131. Ba\u015f\u00e7ay\u0131r Mahallesi Merkez Camii\u2019nde ger\u00e7ekle\u015ftirilen programda \u0130l\u00e7e Vaizi Ahmet \u00c7elik, yats\u0131 namaz\u0131n\u0131 k\u0131ld\u0131rd\u0131. Namaz\u0131n ard\u0131ndan mahalle kahvesinde devam eden bulu\u015fmada \u0130l\u00e7e M\u00fcft\u00fcs\u00fc Nuri \u0130lkatm\u0131\u015f, kat\u0131l\u0131mc\u0131larla samimi bir sohbet ger\u00e7ekle\u015ftirdi. M\u00fcft\u00fc \u0130lkatm\u0131\u015f, sohbetinde medeniyetin k\u00f6kl\u00fc miras\u0131 ve b\u00fcy\u00fckl\u00fc\u011f\u00fc \u00fczerinde&#8230;<\/p>\n","protected":false},"author":1,"featured_media":87876,"comment_status":"open","ping_status":"open","sticky":false,"template":"","format":"standard","meta":{"_crdt_document":"","footnotes":""},"categories":[1],"tags":[],"class_list":["post-87875","post","type-post","status-publish","format-standard","has-post-thumbnail","hentry","category-guncel"],"_links":{"self":[{"href":"https:\/\/www.egemtv.com\/index.php?rest_route=\/wp\/v2\/posts\/87875","targetHints":{"allow":["GET"]}}],"collection":[{"href":"https:\/\/www.egemtv.com\/index.php?rest_route=\/wp\/v2\/posts"}],"about":[{"href":"https:\/\/www.egemtv.com\/index.php?rest_route=\/wp\/v2\/types\/post"}],"author":[{"embeddable":true,"href":"https:\/\/www.egemtv.com\/index.php?rest_route=\/wp\/v2\/users\/1"}],"replies":[{"embeddable":true,"href":"https:\/\/www.egemtv.com\/index.php?rest_route=%2Fwp%2Fv2%2Fcomments&post=87875"}],"version-history":[{"count":1,"href":"https:\/\/www.egemtv.com\/index.php?rest_route=\/wp\/v2\/posts\/87875\/revisions"}],"predecessor-version":[{"id":87877,"href":"https:\/\/www.egemtv.com\/index.php?rest_route=\/wp\/v2\/posts\/87875\/revisions\/87877"}],"wp:featuredmedia":[{"embeddable":true,"href":"https:\/\/www.egemtv.com\/index.php?rest_route=\/wp\/v2\/media\/87876"}],"wp:attachment":[{"href":"https:\/\/www.egemtv.com\/index.php?rest_route=%2Fwp%2Fv2%2Fmedia&parent=87875"}],"wp:term":[{"taxonomy":"category","embeddable":true,"href":"https:\/\/www.egemtv.com\/index.php?rest_route=%2Fwp%2Fv2%2Fcategories&post=87875"},{"taxonomy":"post_tag","embeddable":true,"href":"https:\/\/www.egemtv.com\/index.php?rest_route=%2Fwp%2Fv2%2Ftags&post=87875"}],"curies":[{"name":"wp","href":"https:\/\/api.w.org\/{rel}","templated":true}]}}