{"id":87872,"date":"2026-02-15T09:14:59","date_gmt":"2026-02-15T06:14:59","guid":{"rendered":"https:\/\/www.egemtv.com\/?p=87872"},"modified":"2026-02-15T09:15:00","modified_gmt":"2026-02-15T06:15:00","slug":"selendide-kuruyan-cesmeler-yeniden-hayat-buldu","status":"publish","type":"post","link":"https:\/\/www.egemtv.com\/?p=87872","title":{"rendered":"Selendi\u2019de kuruyan \u00e7e\u015fmeler yeniden hayat buldu"},"content":{"rendered":"<p>Manisa\u2019n\u0131n Selendi il\u00e7esinde y\u0131llard\u0131r akmayan tarihi k\u00f6y \u00e7e\u015fmeleri ya\u011f\u0131\u015flarla birlikte g\u00fcr\u00fcl g\u00fcr\u00fcl akmaya ba\u015flad\u0131.<br \/>\n<br \/>Manisa\u2019n\u0131n Selendi il\u00e7esinde uzun y\u0131llard\u0131r kurakl\u0131k nedeniyle akmayan tarihi k\u00f6y \u00e7e\u015fmeleri, son haftalarda etkili olan ya\u011f\u0131\u015flar\u0131n ard\u0131ndan yeniden su vermeye ba\u015flad\u0131. G\u00fcr\u00fcl g\u00fcr\u00fcl akan \u00e7e\u015fmeler, g\u00f6rsel \u015f\u00f6len sunarken vatanda\u015flara umut oldu.<br \/>\n<br \/>Son y\u0131llarda ya\u015fanan kurakl\u0131k nedeniyle oluklar\u0131ndan tek damla su akmayan eski k\u00f6y \u00e7e\u015fmeleri, bir ayd\u0131r aral\u0131klarla devam eden ya\u011f\u0131\u015flar\u0131n ard\u0131ndan adeta co\u015ftu. Depolardan tanzikli \u015fekilde ta\u015fan sular, y\u0131llard\u0131r suskun kalan ta\u015f \u00e7e\u015fmeleri yeniden canland\u0131rd\u0131.<br \/>\n<br \/>\u0130l\u00e7enin bir\u00e7ok noktas\u0131nda bulunan tarihi \u00e7e\u015fmelerin yeniden akmaya ba\u015flamas\u0131 vatanda\u015flar\u0131 sevindirdi. \u00c7e\u015fmelerin ba\u015f\u0131nda su dolduran vatanda\u015flar, &#8220;Yer alt\u0131 sular\u0131 bile \u00e7ekilmeye ba\u015flam\u0131\u015ft\u0131. \u00c7ok \u015f\u00fck\u00fcr son ya\u011fmurlarla birlikte eski \u00e7e\u015fmelerimiz tekrar akmaya ba\u015flad\u0131. \u00d6zlemi\u015fiz bu sesi. Su olmazsa hayat olmaz. \u0130n\u015fallah bereketli bir y\u0131l olur&#8221; ifadelerini kulland\u0131.<br \/>\n<br \/>Ya\u011f\u0131\u015flar\u0131n hem yer alt\u0131 su kaynaklar\u0131n\u0131 besledi\u011fi hem de tar\u0131msal \u00fcretim a\u00e7\u0131s\u0131ndan umut verdi\u011fi belirtilirken, vatanda\u015flar ya\u011fmurlar\u0131n devam etmesini temenni etti.<br \/><\/p>\n","protected":false},"excerpt":{"rendered":"<p>Manisa\u2019n\u0131n Selendi il\u00e7esinde y\u0131llard\u0131r akmayan tarihi k\u00f6y \u00e7e\u015fmeleri ya\u011f\u0131\u015flarla birlikte g\u00fcr\u00fcl g\u00fcr\u00fcl akmaya ba\u015flad\u0131. Manisa\u2019n\u0131n Selendi il\u00e7esinde uzun y\u0131llard\u0131r kurakl\u0131k nedeniyle akmayan tarihi k\u00f6y \u00e7e\u015fmeleri, son haftalarda etkili olan ya\u011f\u0131\u015flar\u0131n ard\u0131ndan yeniden su vermeye ba\u015flad\u0131. G\u00fcr\u00fcl g\u00fcr\u00fcl akan \u00e7e\u015fmeler, g\u00f6rsel \u015f\u00f6len sunarken vatanda\u015flara umut oldu. Son y\u0131llarda ya\u015fanan kurakl\u0131k nedeniyle oluklar\u0131ndan tek damla su akmayan&#8230;<\/p>\n","protected":false},"author":1,"featured_media":87873,"comment_status":"open","ping_status":"open","sticky":false,"template":"","format":"standard","meta":{"_crdt_document":"","footnotes":""},"categories":[1],"tags":[],"class_list":["post-87872","post","type-post","status-publish","format-standard","has-post-thumbnail","hentry","category-guncel"],"_links":{"self":[{"href":"https:\/\/www.egemtv.com\/index.php?rest_route=\/wp\/v2\/posts\/87872","targetHints":{"allow":["GET"]}}],"collection":[{"href":"https:\/\/www.egemtv.com\/index.php?rest_route=\/wp\/v2\/posts"}],"about":[{"href":"https:\/\/www.egemtv.com\/index.php?rest_route=\/wp\/v2\/types\/post"}],"author":[{"embeddable":true,"href":"https:\/\/www.egemtv.com\/index.php?rest_route=\/wp\/v2\/users\/1"}],"replies":[{"embeddable":true,"href":"https:\/\/www.egemtv.com\/index.php?rest_route=%2Fwp%2Fv2%2Fcomments&post=87872"}],"version-history":[{"count":1,"href":"https:\/\/www.egemtv.com\/index.php?rest_route=\/wp\/v2\/posts\/87872\/revisions"}],"predecessor-version":[{"id":87874,"href":"https:\/\/www.egemtv.com\/index.php?rest_route=\/wp\/v2\/posts\/87872\/revisions\/87874"}],"wp:featuredmedia":[{"embeddable":true,"href":"https:\/\/www.egemtv.com\/index.php?rest_route=\/wp\/v2\/media\/87873"}],"wp:attachment":[{"href":"https:\/\/www.egemtv.com\/index.php?rest_route=%2Fwp%2Fv2%2Fmedia&parent=87872"}],"wp:term":[{"taxonomy":"category","embeddable":true,"href":"https:\/\/www.egemtv.com\/index.php?rest_route=%2Fwp%2Fv2%2Fcategories&post=87872"},{"taxonomy":"post_tag","embeddable":true,"href":"https:\/\/www.egemtv.com\/index.php?rest_route=%2Fwp%2Fv2%2Ftags&post=87872"}],"curies":[{"name":"wp","href":"https:\/\/api.w.org\/{rel}","templated":true}]}}