{"id":87866,"date":"2026-02-15T09:14:57","date_gmt":"2026-02-15T06:14:57","guid":{"rendered":"https:\/\/www.egemtv.com\/?p=87866"},"modified":"2026-02-15T09:14:58","modified_gmt":"2026-02-15T06:14:58","slug":"ogrencilerden-dijital-hamle","status":"publish","type":"post","link":"https:\/\/www.egemtv.com\/?p=87866","title":{"rendered":"\u00d6\u011frencilerden dijital hamle"},"content":{"rendered":"<p>Manisa\u2019da e\u011fitim veren Ak\u015femseddin Ortaokulu, \u00f6\u011frencilerin akademik ve sosyal geli\u015fimine katk\u0131 sa\u011flamak amac\u0131yla ayl\u0131k dijital okul gazetesi \u00e7\u0131kard\u0131. \u00d6\u011frencilerin kaleminden \u00e7\u0131kan i\u00e7eriklerle haz\u0131rlanan gazete, zengin i\u00e7eri\u011fi ve \u00f6zg\u00fcn tasar\u0131m\u0131yla b\u00fcy\u00fck be\u011feni toplad\u0131.<br \/>\n<br \/>Manisa\u2019da faaliyet g\u00f6steren Ak\u015femseddin Ortaokulu, \u00f6\u011frencilerin yazma, d\u00fc\u015f\u00fcnme ve \u00fcretme becerilerini geli\u015ftirmek amac\u0131yla ayl\u0131k dijital okul gazetesi projesini hayata ge\u00e7irdi. Tamamen \u00f6\u011frenci eme\u011fiyle haz\u0131rlanan gazetede \u015fiirler, hik\u00e2yeler, \u00f6zg\u00fcn fikir yaz\u0131lar\u0131 ve \u00f6\u011frencilerin yapt\u0131\u011f\u0131 resimler yer ald\u0131. Okul i\u00e7i etkinlikler, pano \u00e7al\u0131\u015fmalar\u0131 ve projeler de gazetenin sayfalar\u0131nda geni\u015f yer buldu.<br \/>\n<br \/>Gazetenin dikkat \u00e7eken b\u00f6l\u00fcmlerinden biri olan &#8220;\u00d6d\u00fcll\u00fc Sorular&#8221; k\u00f6\u015fesi, bilgi yar\u0131\u015fmas\u0131 format\u0131yla haz\u0131rlanarak \u00f6\u011frencilerin hem e\u011flenmesini hem de \u00f6\u011frenmesini ama\u00e7l\u0131yor. Bu b\u00f6l\u00fcmle birlikte okuma motivasyonunun art\u0131r\u0131lmas\u0131 hedefleniyor.<br \/>\n<br \/>Gazetede ayr\u0131ca \u00f6\u011fretmen g\u00f6r\u00fc\u015flerine de yer verildi. E\u011fitim, de\u011ferler e\u011fitimi ve akademik ba\u015far\u0131 \u00fczerine de\u011ferlendirmelerin payla\u015f\u0131ld\u0131\u011f\u0131 sayfalarda rehberlik servisinin haz\u0131rlad\u0131\u011f\u0131 i\u00e7eriklerle s\u0131nav kayg\u0131s\u0131, akran ili\u015fkileri, hedef belirleme ve verimli ders \u00e7al\u0131\u015fma y\u00f6ntemleri gibi konular ele al\u0131nd\u0131.<br \/>\n<br \/>&#8220;Manisa\u2019y\u0131 Tan\u0131yal\u0131m&#8221; b\u00f6l\u00fcm\u00fcyle \u00f6\u011frencilerin ya\u015fad\u0131klar\u0131 \u015fehri daha yak\u0131ndan tan\u0131malar\u0131 ama\u00e7lan\u0131rken, kentin tarihi ve k\u00fclt\u00fcrel de\u011ferleri hakk\u0131nda bilgilere yer verilerek yerel bilin\u00e7 olu\u015fturulmas\u0131 hedeflendi.<br \/>\n<br \/>Gazete Edit\u00f6r\u00fc ve T\u00fcrk\u00e7e \u00d6\u011fretmeni Halil Kuru, projenin \u00f6nemine dikkat \u00e7ekerek, &#8220;\u00d6\u011frencilerimizin kendilerini ifade edebilecekleri bir alan olu\u015fturmak istedik. Yazmak, d\u00fc\u015f\u00fcnmek ve \u00fcretmek \u00e7ocuklar\u0131n hem akademik hem de ki\u015fisel geli\u015fimlerine b\u00fcy\u00fck katk\u0131 sa\u011fl\u0131yor. Bu gazete sayesinde \u00f6\u011frencilerimiz \u00f6zg\u00fcven kazan\u0131yor, sorumluluk al\u0131yor ve ekip \u00e7al\u0131\u015fmas\u0131n\u0131 \u00f6\u011freniyor. Ayn\u0131 zamanda okuma ve yazma becerileri do\u011fal bir s\u00fcre\u00e7 i\u00e7inde geli\u015fiyor. Amac\u0131m\u0131z; d\u00fc\u015f\u00fcnen, sorgulayan ve \u00fcreten bireyler yeti\u015ftirmek&#8221; dedi.<br \/>\n<br \/>Okul y\u00f6netimi ise gazetenin her ay d\u00fczenli olarak yay\u0131mlanaca\u011f\u0131n\u0131 ve \u00f6\u011frenci kat\u0131l\u0131m\u0131n\u0131n art\u0131r\u0131larak s\u00fcrd\u00fcr\u00fclece\u011fini belirtti.<br \/><\/p>\n","protected":false},"excerpt":{"rendered":"<p>Manisa\u2019da e\u011fitim veren Ak\u015femseddin Ortaokulu, \u00f6\u011frencilerin akademik ve sosyal geli\u015fimine katk\u0131 sa\u011flamak amac\u0131yla ayl\u0131k dijital okul gazetesi \u00e7\u0131kard\u0131. \u00d6\u011frencilerin kaleminden \u00e7\u0131kan i\u00e7eriklerle haz\u0131rlanan gazete, zengin i\u00e7eri\u011fi ve \u00f6zg\u00fcn tasar\u0131m\u0131yla b\u00fcy\u00fck be\u011feni toplad\u0131. Manisa\u2019da faaliyet g\u00f6steren Ak\u015femseddin Ortaokulu, \u00f6\u011frencilerin yazma, d\u00fc\u015f\u00fcnme ve \u00fcretme becerilerini geli\u015ftirmek amac\u0131yla ayl\u0131k dijital okul gazetesi projesini hayata ge\u00e7irdi. Tamamen \u00f6\u011frenci eme\u011fiyle&#8230;<\/p>\n","protected":false},"author":1,"featured_media":87867,"comment_status":"open","ping_status":"open","sticky":false,"template":"","format":"standard","meta":{"_crdt_document":"","footnotes":""},"categories":[1],"tags":[],"class_list":["post-87866","post","type-post","status-publish","format-standard","has-post-thumbnail","hentry","category-guncel"],"_links":{"self":[{"href":"https:\/\/www.egemtv.com\/index.php?rest_route=\/wp\/v2\/posts\/87866","targetHints":{"allow":["GET"]}}],"collection":[{"href":"https:\/\/www.egemtv.com\/index.php?rest_route=\/wp\/v2\/posts"}],"about":[{"href":"https:\/\/www.egemtv.com\/index.php?rest_route=\/wp\/v2\/types\/post"}],"author":[{"embeddable":true,"href":"https:\/\/www.egemtv.com\/index.php?rest_route=\/wp\/v2\/users\/1"}],"replies":[{"embeddable":true,"href":"https:\/\/www.egemtv.com\/index.php?rest_route=%2Fwp%2Fv2%2Fcomments&post=87866"}],"version-history":[{"count":1,"href":"https:\/\/www.egemtv.com\/index.php?rest_route=\/wp\/v2\/posts\/87866\/revisions"}],"predecessor-version":[{"id":87868,"href":"https:\/\/www.egemtv.com\/index.php?rest_route=\/wp\/v2\/posts\/87866\/revisions\/87868"}],"wp:featuredmedia":[{"embeddable":true,"href":"https:\/\/www.egemtv.com\/index.php?rest_route=\/wp\/v2\/media\/87867"}],"wp:attachment":[{"href":"https:\/\/www.egemtv.com\/index.php?rest_route=%2Fwp%2Fv2%2Fmedia&parent=87866"}],"wp:term":[{"taxonomy":"category","embeddable":true,"href":"https:\/\/www.egemtv.com\/index.php?rest_route=%2Fwp%2Fv2%2Fcategories&post=87866"},{"taxonomy":"post_tag","embeddable":true,"href":"https:\/\/www.egemtv.com\/index.php?rest_route=%2Fwp%2Fv2%2Ftags&post=87866"}],"curies":[{"name":"wp","href":"https:\/\/api.w.org\/{rel}","templated":true}]}}