{"id":87830,"date":"2026-02-14T18:14:51","date_gmt":"2026-02-14T15:14:51","guid":{"rendered":"https:\/\/www.egemtv.com\/?p=87830"},"modified":"2026-02-14T18:14:51","modified_gmt":"2026-02-14T15:14:51","slug":"koycegizde-3-gunde-metrekareye-158-kg-yagis-dustu","status":"publish","type":"post","link":"https:\/\/www.egemtv.com\/?p=87830","title":{"rendered":"K\u00f6yce\u011fiz\u2019de 3 g\u00fcnde metrekareye 158 kg ya\u011f\u0131\u015f d\u00fc\u015ft\u00fc"},"content":{"rendered":"<p>Mu\u011fla genelinde 10-13 \u015eubat tarihleri aras\u0131nda etkili olan sa\u011fanak ve g\u00f6k g\u00fcr\u00fclt\u00fcl\u00fc sa\u011fanak ya\u011f\u0131\u015flarda \u00e7ok say\u0131da ev, sera, arazi su bask\u0131nlar\u0131na neden oldu.<br \/>\n<br \/>K\u00f6yce\u011fiz\u2019e 3 g\u00fcnde 158 kg ya\u011f\u0131\u015f d\u00fc\u015ft\u00fc<br \/>\n<br \/>Mu\u011fla\u2019da 10 \u015eubat Sal\u0131 g\u00fcn\u00fc ba\u015flayan ve 13 \u015eubat Cuma g\u00fcn\u00fc saat 21.00\u2019e kadar s\u00fcren a\u015f\u0131r\u0131 ya\u011f\u0131\u015flar, bir\u00e7ok il\u00e7ede hayat\u0131 olumsuz etkiledi. Mu\u011fla Valili\u011fi taraf\u0131ndan yap\u0131lan a\u00e7\u0131klamada, metrekareye d\u00fc\u015fen ya\u011f\u0131\u015f miktar\u0131n\u0131n Mente\u015fe\u2019de 127, Bodrum\u2019da 109, Dalaman\u2019da 140, K\u00f6yce\u011fiz\u2019de 158, Marmaris\u2019te 134, Seydikemer\u2019de 112 ve Ula\u2019da 123 kilogram oldu\u011fu bildirildi.<br \/>\n<br \/>Seralar b\u00fcy\u00fck zarar g\u00f6rd\u00fc<br \/>\n<br \/>Ya\u011f\u0131\u015flar\u0131n ilk an\u0131ndan itibaren 759 personel, 499 ara\u00e7, 126 i\u015f makinesi, 100 motopomp ve 36 dalg\u0131\u00e7 pompa ile olumsuzluklara m\u00fcdahale edildi. \u0130lk belirlemelere g\u00f6re yakla\u015f\u0131k 5 bin 773 dekar tar\u0131m arazisi ile 550 dekar sera alan\u0131n\u0131n hasar g\u00f6rd\u00fc\u011f\u00fc de\u011ferlendirilirken, \u00fcreticilerin ciddi kay\u0131p ya\u015fad\u0131\u011f\u0131 belirtildi. A\u015f\u0131r\u0131 ya\u011f\u0131\u015f, kuvvetli r\u00fczg\u00e2r ve hortum nedeniyle 44\u2019\u00fc ev ve i\u015f yeri olmak \u00fczere toplam 47 yap\u0131 sel ve su bask\u0131n\u0131ndan etkilendi. Olaylarda 2 ara\u00e7 hasar g\u00f6r\u00fcrken, tedbir amac\u0131yla 20 ev tahliye edildi.<br \/>\n<br \/>Selde hayvanlar telef oldu<br \/>\n<br \/>Sel felaketinde 3 ah\u0131r zarar g\u00f6r\u00fcrken, 8 k\u00fc\u00e7\u00fckba\u015f hayvan, 100 ar\u0131 kovan\u0131, 50 kanatl\u0131 hayvan ve 35 ton \u00e7iftlik bal\u0131\u011f\u0131n\u0131n telef oldu\u011fu a\u00e7\u0131kland\u0131. \u0130l genelinde 14 farkl\u0131 noktada k\u00f6pr\u00fc ve yollarda hasar meydana gelirken, iki b\u00f6lgede toprak kaymas\u0131 olu\u015ftu. Bu noktalarda ara\u00e7 trafi\u011fi alternatif yollara y\u00f6nlendirildi. Valilik koordinasyonunda kaymakaml\u0131klar, belediyeler, \u0130l Tar\u0131m M\u00fcd\u00fcrl\u00fc\u011f\u00fc, AFAD ve ilgili kurumlar\u0131n sahadaki \u00e7al\u0131\u015fmalar\u0131n\u0131n s\u00fcrd\u00fc\u011f\u00fc bildirildi.<br \/><\/p>\n","protected":false},"excerpt":{"rendered":"<p>Mu\u011fla genelinde 10-13 \u015eubat tarihleri aras\u0131nda etkili olan sa\u011fanak ve g\u00f6k g\u00fcr\u00fclt\u00fcl\u00fc sa\u011fanak ya\u011f\u0131\u015flarda \u00e7ok say\u0131da ev, sera, arazi su bask\u0131nlar\u0131na neden oldu. K\u00f6yce\u011fiz\u2019e 3 g\u00fcnde 158 kg ya\u011f\u0131\u015f d\u00fc\u015ft\u00fc Mu\u011fla\u2019da 10 \u015eubat Sal\u0131 g\u00fcn\u00fc ba\u015flayan ve 13 \u015eubat Cuma g\u00fcn\u00fc saat 21.00\u2019e kadar s\u00fcren a\u015f\u0131r\u0131 ya\u011f\u0131\u015flar, bir\u00e7ok il\u00e7ede hayat\u0131 olumsuz etkiledi. Mu\u011fla Valili\u011fi taraf\u0131ndan&#8230;<\/p>\n","protected":false},"author":1,"featured_media":87831,"comment_status":"open","ping_status":"open","sticky":false,"template":"","format":"standard","meta":{"_crdt_document":"","footnotes":""},"categories":[1],"tags":[],"class_list":["post-87830","post","type-post","status-publish","format-standard","has-post-thumbnail","hentry","category-guncel"],"_links":{"self":[{"href":"https:\/\/www.egemtv.com\/index.php?rest_route=\/wp\/v2\/posts\/87830","targetHints":{"allow":["GET"]}}],"collection":[{"href":"https:\/\/www.egemtv.com\/index.php?rest_route=\/wp\/v2\/posts"}],"about":[{"href":"https:\/\/www.egemtv.com\/index.php?rest_route=\/wp\/v2\/types\/post"}],"author":[{"embeddable":true,"href":"https:\/\/www.egemtv.com\/index.php?rest_route=\/wp\/v2\/users\/1"}],"replies":[{"embeddable":true,"href":"https:\/\/www.egemtv.com\/index.php?rest_route=%2Fwp%2Fv2%2Fcomments&post=87830"}],"version-history":[{"count":1,"href":"https:\/\/www.egemtv.com\/index.php?rest_route=\/wp\/v2\/posts\/87830\/revisions"}],"predecessor-version":[{"id":87832,"href":"https:\/\/www.egemtv.com\/index.php?rest_route=\/wp\/v2\/posts\/87830\/revisions\/87832"}],"wp:featuredmedia":[{"embeddable":true,"href":"https:\/\/www.egemtv.com\/index.php?rest_route=\/wp\/v2\/media\/87831"}],"wp:attachment":[{"href":"https:\/\/www.egemtv.com\/index.php?rest_route=%2Fwp%2Fv2%2Fmedia&parent=87830"}],"wp:term":[{"taxonomy":"category","embeddable":true,"href":"https:\/\/www.egemtv.com\/index.php?rest_route=%2Fwp%2Fv2%2Fcategories&post=87830"},{"taxonomy":"post_tag","embeddable":true,"href":"https:\/\/www.egemtv.com\/index.php?rest_route=%2Fwp%2Fv2%2Ftags&post=87830"}],"curies":[{"name":"wp","href":"https:\/\/api.w.org\/{rel}","templated":true}]}}