{"id":87827,"date":"2026-02-14T18:14:49","date_gmt":"2026-02-14T15:14:49","guid":{"rendered":"https:\/\/www.egemtv.com\/?p=87827"},"modified":"2026-02-14T18:14:50","modified_gmt":"2026-02-14T15:14:50","slug":"tff-2-lig-aliaga-fk-4-musspor-0","status":"publish","type":"post","link":"https:\/\/www.egemtv.com\/?p=87827","title":{"rendered":"TFF 2. Lig: Alia\u011fa FK: 4 &#8211; Mu\u015fspor: 0"},"content":{"rendered":"<p>TFF 2. Lig K\u0131rm\u0131z\u0131 Grup 24. haftas\u0131nda Alia\u011fa FK, sahas\u0131nda kar\u015f\u0131la\u015ft\u0131\u011f\u0131 Mu\u015fspor\u2019u 4-0 ma\u011flup etti.<\/p>\n<p>Stat:\u00a0Alia\u011fa Atat\u00fcrk<br \/>\n<br \/>Hakemler:\u00a0Mustafa Hakan\u00a0Belder, Vedat G\u00fcne\u015f, Mehmet Eren\u00a0K\u00fc\u00e7\u00fckke\u00e7eci<br \/>\n<br \/>Alia\u011fa FK:\u00a0Kubilay Anteplio\u011flu, Oktay Kanc\u0131, Veli \u00c7etin, Erhan Kartal\u00a0(Ahmet \u0130lhan \u00d6zek\u00a0dk. 84), Mertcan A\u00e7\u0131kg\u00f6z\u00a0(Emre Keskin\u00a0dk. 73), Burak S\u00fcleyman\u00a0(Mustafa Saymak\u00a0dk. 84), O\u011fuzhan Y\u0131ld\u0131r\u0131m, Muammer Sar\u0131kaya, Yusuf Erdem G\u00fcm\u00fc\u015f, Harun Kavakl\u0131dere\u00a0(Suat Kaya\u00a0dk. 73), Malik\u00a0Karaahmet\u00a0(Tahir Babao\u011flu\u00a0dk. 73)<br \/>\n<br \/>Teknik Direkt\u00f6r: Polat \u00c7etin<br \/>\n<br \/>Mu\u015fspor\u00a0:\u00a0Enes \u00c7etin, Muhammet Fatih Y\u0131ld\u0131r\u0131m, O\u011fuzhan A\u00e7\u0131l\u00a0(Mert Kula\u00a0dk. 62), \u0130lker\u00a0G\u00fcnaslan\u00a0(Ferdi Burgaz dk. 62),\u00a0Erkam\u00a0Re\u015fmen, Cumali\u00a0Bi\u015fi,\u00a0Tu\u011fkan\u00a0Kam\u0131\u015fo\u011flu\u00a0(Stanley\u00a0Ohawuchi\u00a0dk. 54), Emirhan Karag\u00fclle\u00a0(Serkan Odaba\u015fo\u011flu\u00a0dk. 54), Yusuf Y\u0131ld\u0131r\u0131m, Ersel\u00a0Asl\u0131y\u00fcksek\u00a0(Bilal Budak\u00a0dk. 74), Se\u00e7im Can Ko\u00e7<br \/>\n<br \/>Teknik Direkt\u00f6r:\u00a0Fatih \u00c7ardak<br \/>\n<br \/>Goller:\u00a0Harun\u00a0Kavakl\u0131dere\u00a0(dk.\u00a042,\u00a049 ve 69),\u00a0Malik\u00a0Karaahmet\u00a0(dk.\u00a045)\u00a0(Alia\u011fa FK)<br \/>\n<br \/>Sar\u0131\u00a0kartlar:\u00a0Veli \u00c7etin, Suat\u00a0Kaya\u00a0,\u00a0Yusuf Erdem G\u00fcm\u00fc\u015f,\u00a0Emre Keskin,\u00a0Kubilay Anteplio\u011flu\u00a0(Alia\u011fa FK),\u00a0Emirhan Karag\u00fclle, Yusuf\u00a0Y\u0131ld\u0131r\u0131m\u00a0,\u00a0Cumali\u00a0Bi\u015fi\u00a0(Mu\u015fspor)<\/p>\n","protected":false},"excerpt":{"rendered":"<p>TFF 2. Lig K\u0131rm\u0131z\u0131 Grup 24. haftas\u0131nda Alia\u011fa FK, sahas\u0131nda kar\u015f\u0131la\u015ft\u0131\u011f\u0131 Mu\u015fspor\u2019u 4-0 ma\u011flup etti. Stat:\u00a0Alia\u011fa Atat\u00fcrk Hakemler:\u00a0Mustafa Hakan\u00a0Belder, Vedat G\u00fcne\u015f, Mehmet Eren\u00a0K\u00fc\u00e7\u00fckke\u00e7eci Alia\u011fa FK:\u00a0Kubilay Anteplio\u011flu, Oktay Kanc\u0131, Veli \u00c7etin, Erhan Kartal\u00a0(Ahmet \u0130lhan \u00d6zek\u00a0dk. 84), Mertcan A\u00e7\u0131kg\u00f6z\u00a0(Emre Keskin\u00a0dk. 73), Burak S\u00fcleyman\u00a0(Mustafa Saymak\u00a0dk. 84), O\u011fuzhan Y\u0131ld\u0131r\u0131m, Muammer Sar\u0131kaya, Yusuf Erdem G\u00fcm\u00fc\u015f, Harun Kavakl\u0131dere\u00a0(Suat Kaya\u00a0dk. 73), Malik\u00a0Karaahmet\u00a0(Tahir&#8230;<\/p>\n","protected":false},"author":1,"featured_media":87828,"comment_status":"open","ping_status":"open","sticky":false,"template":"","format":"standard","meta":{"_crdt_document":"","footnotes":""},"categories":[4],"tags":[],"class_list":["post-87827","post","type-post","status-publish","format-standard","has-post-thumbnail","hentry","category-spor"],"_links":{"self":[{"href":"https:\/\/www.egemtv.com\/index.php?rest_route=\/wp\/v2\/posts\/87827","targetHints":{"allow":["GET"]}}],"collection":[{"href":"https:\/\/www.egemtv.com\/index.php?rest_route=\/wp\/v2\/posts"}],"about":[{"href":"https:\/\/www.egemtv.com\/index.php?rest_route=\/wp\/v2\/types\/post"}],"author":[{"embeddable":true,"href":"https:\/\/www.egemtv.com\/index.php?rest_route=\/wp\/v2\/users\/1"}],"replies":[{"embeddable":true,"href":"https:\/\/www.egemtv.com\/index.php?rest_route=%2Fwp%2Fv2%2Fcomments&post=87827"}],"version-history":[{"count":1,"href":"https:\/\/www.egemtv.com\/index.php?rest_route=\/wp\/v2\/posts\/87827\/revisions"}],"predecessor-version":[{"id":87829,"href":"https:\/\/www.egemtv.com\/index.php?rest_route=\/wp\/v2\/posts\/87827\/revisions\/87829"}],"wp:featuredmedia":[{"embeddable":true,"href":"https:\/\/www.egemtv.com\/index.php?rest_route=\/wp\/v2\/media\/87828"}],"wp:attachment":[{"href":"https:\/\/www.egemtv.com\/index.php?rest_route=%2Fwp%2Fv2%2Fmedia&parent=87827"}],"wp:term":[{"taxonomy":"category","embeddable":true,"href":"https:\/\/www.egemtv.com\/index.php?rest_route=%2Fwp%2Fv2%2Fcategories&post=87827"},{"taxonomy":"post_tag","embeddable":true,"href":"https:\/\/www.egemtv.com\/index.php?rest_route=%2Fwp%2Fv2%2Ftags&post=87827"}],"curies":[{"name":"wp","href":"https:\/\/api.w.org\/{rel}","templated":true}]}}