{"id":87824,"date":"2026-02-14T17:55:06","date_gmt":"2026-02-14T14:55:06","guid":{"rendered":"https:\/\/www.egemtv.com\/?p=87824"},"modified":"2026-02-14T17:55:07","modified_gmt":"2026-02-14T14:55:07","slug":"bodrum-kas-arasi-denizlerde-firtina-uyarisi-5","status":"publish","type":"post","link":"https:\/\/www.egemtv.com\/?p=87824","title":{"rendered":"Bodrum-Ka\u015f aras\u0131 denizlerde f\u0131rt\u0131na uyar\u0131s\u0131"},"content":{"rendered":"<p>Meteoroloji 4. B\u00f6lge M\u00fcd\u00fcrl\u00fc\u011f\u00fc B\u00f6lge Tahmin ve Uyar\u0131 Merkezinden yap\u0131lan uyar\u0131da, yar\u0131n sabah saatlerinden itibaren Bodrum-Ka\u015f aras\u0131nda denizlerde f\u0131rt\u0131na uyar\u0131s\u0131 yap\u0131ld\u0131.<br \/>\n<br \/>Yap\u0131lan uyar\u0131da, &#8220;Yap\u0131lan son de\u011ferlendirmelere g\u00f6re; Bodrum-Ka\u015f aras\u0131nda r\u00fczgar\u0131n, Pazar g\u00fcn\u00fc (15.02.2026) ilk saatlerden itibaren g\u00fcney ve g\u00fcneydo\u011fudan 6 ila 8 kuvvetinde (50\/75 km\/saat) f\u0131rt\u0131na, yer yer 9 kuvvetinde (90 km\/saat) kuvvetli f\u0131rt\u0131na \u015feklinde esece\u011fi tahmin edilmektedir. F\u0131rt\u0131nan\u0131n Pazartesi g\u00fcn\u00fc (16.02.2026) sabah saatlerinde kuzeyinde, ak\u015fam saatlerinde g\u00fcneyinde etkisini kaybetmesi beklenmektedir. Ba\u015fta bal\u0131k\u00e7\u0131lar\u0131m\u0131z ve denizcilerimiz olmak \u00fczere meydana gelmesi muhtemel olumsuzluklara kar\u015f\u0131 dikkatli ve tedbirli olunmal\u0131d\u0131r&#8221; denildi.<br \/><\/p>\n","protected":false},"excerpt":{"rendered":"<p>Meteoroloji 4. B\u00f6lge M\u00fcd\u00fcrl\u00fc\u011f\u00fc B\u00f6lge Tahmin ve Uyar\u0131 Merkezinden yap\u0131lan uyar\u0131da, yar\u0131n sabah saatlerinden itibaren Bodrum-Ka\u015f aras\u0131nda denizlerde f\u0131rt\u0131na uyar\u0131s\u0131 yap\u0131ld\u0131. Yap\u0131lan uyar\u0131da, &#8220;Yap\u0131lan son de\u011ferlendirmelere g\u00f6re; Bodrum-Ka\u015f aras\u0131nda r\u00fczgar\u0131n, Pazar g\u00fcn\u00fc (15.02.2026) ilk saatlerden itibaren g\u00fcney ve g\u00fcneydo\u011fudan 6 ila 8 kuvvetinde (50\/75 km\/saat) f\u0131rt\u0131na, yer yer 9 kuvvetinde (90 km\/saat) kuvvetli f\u0131rt\u0131na \u015feklinde&#8230;<\/p>\n","protected":false},"author":1,"featured_media":87825,"comment_status":"open","ping_status":"open","sticky":false,"template":"","format":"standard","meta":{"_crdt_document":"","footnotes":""},"categories":[1],"tags":[],"class_list":["post-87824","post","type-post","status-publish","format-standard","has-post-thumbnail","hentry","category-guncel"],"_links":{"self":[{"href":"https:\/\/www.egemtv.com\/index.php?rest_route=\/wp\/v2\/posts\/87824","targetHints":{"allow":["GET"]}}],"collection":[{"href":"https:\/\/www.egemtv.com\/index.php?rest_route=\/wp\/v2\/posts"}],"about":[{"href":"https:\/\/www.egemtv.com\/index.php?rest_route=\/wp\/v2\/types\/post"}],"author":[{"embeddable":true,"href":"https:\/\/www.egemtv.com\/index.php?rest_route=\/wp\/v2\/users\/1"}],"replies":[{"embeddable":true,"href":"https:\/\/www.egemtv.com\/index.php?rest_route=%2Fwp%2Fv2%2Fcomments&post=87824"}],"version-history":[{"count":1,"href":"https:\/\/www.egemtv.com\/index.php?rest_route=\/wp\/v2\/posts\/87824\/revisions"}],"predecessor-version":[{"id":87826,"href":"https:\/\/www.egemtv.com\/index.php?rest_route=\/wp\/v2\/posts\/87824\/revisions\/87826"}],"wp:featuredmedia":[{"embeddable":true,"href":"https:\/\/www.egemtv.com\/index.php?rest_route=\/wp\/v2\/media\/87825"}],"wp:attachment":[{"href":"https:\/\/www.egemtv.com\/index.php?rest_route=%2Fwp%2Fv2%2Fmedia&parent=87824"}],"wp:term":[{"taxonomy":"category","embeddable":true,"href":"https:\/\/www.egemtv.com\/index.php?rest_route=%2Fwp%2Fv2%2Fcategories&post=87824"},{"taxonomy":"post_tag","embeddable":true,"href":"https:\/\/www.egemtv.com\/index.php?rest_route=%2Fwp%2Fv2%2Ftags&post=87824"}],"curies":[{"name":"wp","href":"https:\/\/api.w.org\/{rel}","templated":true}]}}