{"id":87821,"date":"2026-02-14T17:34:50","date_gmt":"2026-02-14T14:34:50","guid":{"rendered":"https:\/\/www.egemtv.com\/?p=87821"},"modified":"2026-02-14T17:34:51","modified_gmt":"2026-02-14T14:34:51","slug":"datca-badem-cicegi-festivali-devam-ediyor","status":"publish","type":"post","link":"https:\/\/www.egemtv.com\/?p=87821","title":{"rendered":"Dat\u00e7a \u2018Badem \u00c7i\u00e7e\u011fi Festivali\u2019 devam ediyor"},"content":{"rendered":"<p>Dat\u00e7a Badem \u00c7i\u00e7e\u011fi Festivali olumsuz hava \u015fartlar\u0131 nedeniyle 3\u2019\u00fcnc\u00fc g\u00fcn\u00fcnde kortej y\u00fcr\u00fcy\u00fc\u015f\u00fc yap\u0131ld\u0131. Festival i\u00e7in Dat\u00e7a\u2019ya il\u00e7e d\u0131\u015f\u0131ndan \u00e7ok say\u0131da vatanda\u015f kat\u0131ld\u0131. \u0130l\u00e7e d\u0131\u015f\u0131ndan gelen vatanda\u015flar Cumhuriyet meydan\u0131nda a\u00e7\u0131lan stantlardan al\u0131\u015fveri\u015f yaparken, g\u00fcn boyu devam eden konser, yar\u0131\u015fma ve di\u011fer etkinliklerle devam etti.<br \/>\n<br \/>Dat\u00e7a \u015eenkaya kav\u015fa\u011f\u0131nda kalabal\u0131\u011f\u0131n toplanmas\u0131 ile bando e\u015fli\u011finde festival kortej y\u00fcr\u00fcy\u00fc\u015f\u00fc yap\u0131ld\u0131. Cumhuriyet meydan\u0131na kadar m\u00fczik e\u015fli\u011finde devam eden y\u00fcr\u00fcy\u00fc\u015f sonras\u0131 a\u00e7\u0131l\u0131\u015f konu\u015fmalar\u0131 ger\u00e7ekle\u015ftirildi.<br \/>\n<br \/>Konser ve badem k\u0131rma yar\u0131\u015fmalar\u0131 ile devam eden festival boyunca konserler, yerel m\u00fczikler ve halk oyunlar\u0131 g\u00f6sterileri sunuldu. Festival 15 \u015eubat Pazar g\u00fcn\u00fc en iri badem ve en bak\u0131ml\u0131 bah\u00e7e yar\u0131\u015fmas\u0131 ile sona erecek.<br \/><\/p>\n","protected":false},"excerpt":{"rendered":"<p>Dat\u00e7a Badem \u00c7i\u00e7e\u011fi Festivali olumsuz hava \u015fartlar\u0131 nedeniyle 3\u2019\u00fcnc\u00fc g\u00fcn\u00fcnde kortej y\u00fcr\u00fcy\u00fc\u015f\u00fc yap\u0131ld\u0131. Festival i\u00e7in Dat\u00e7a\u2019ya il\u00e7e d\u0131\u015f\u0131ndan \u00e7ok say\u0131da vatanda\u015f kat\u0131ld\u0131. \u0130l\u00e7e d\u0131\u015f\u0131ndan gelen vatanda\u015flar Cumhuriyet meydan\u0131nda a\u00e7\u0131lan stantlardan al\u0131\u015fveri\u015f yaparken, g\u00fcn boyu devam eden konser, yar\u0131\u015fma ve di\u011fer etkinliklerle devam etti. Dat\u00e7a \u015eenkaya kav\u015fa\u011f\u0131nda kalabal\u0131\u011f\u0131n toplanmas\u0131 ile bando e\u015fli\u011finde festival kortej y\u00fcr\u00fcy\u00fc\u015f\u00fc yap\u0131ld\u0131&#8230;.<\/p>\n","protected":false},"author":1,"featured_media":87822,"comment_status":"open","ping_status":"open","sticky":false,"template":"","format":"standard","meta":{"_crdt_document":"","footnotes":""},"categories":[1],"tags":[],"class_list":["post-87821","post","type-post","status-publish","format-standard","has-post-thumbnail","hentry","category-guncel"],"_links":{"self":[{"href":"https:\/\/www.egemtv.com\/index.php?rest_route=\/wp\/v2\/posts\/87821","targetHints":{"allow":["GET"]}}],"collection":[{"href":"https:\/\/www.egemtv.com\/index.php?rest_route=\/wp\/v2\/posts"}],"about":[{"href":"https:\/\/www.egemtv.com\/index.php?rest_route=\/wp\/v2\/types\/post"}],"author":[{"embeddable":true,"href":"https:\/\/www.egemtv.com\/index.php?rest_route=\/wp\/v2\/users\/1"}],"replies":[{"embeddable":true,"href":"https:\/\/www.egemtv.com\/index.php?rest_route=%2Fwp%2Fv2%2Fcomments&post=87821"}],"version-history":[{"count":1,"href":"https:\/\/www.egemtv.com\/index.php?rest_route=\/wp\/v2\/posts\/87821\/revisions"}],"predecessor-version":[{"id":87823,"href":"https:\/\/www.egemtv.com\/index.php?rest_route=\/wp\/v2\/posts\/87821\/revisions\/87823"}],"wp:featuredmedia":[{"embeddable":true,"href":"https:\/\/www.egemtv.com\/index.php?rest_route=\/wp\/v2\/media\/87822"}],"wp:attachment":[{"href":"https:\/\/www.egemtv.com\/index.php?rest_route=%2Fwp%2Fv2%2Fmedia&parent=87821"}],"wp:term":[{"taxonomy":"category","embeddable":true,"href":"https:\/\/www.egemtv.com\/index.php?rest_route=%2Fwp%2Fv2%2Fcategories&post=87821"},{"taxonomy":"post_tag","embeddable":true,"href":"https:\/\/www.egemtv.com\/index.php?rest_route=%2Fwp%2Fv2%2Ftags&post=87821"}],"curies":[{"name":"wp","href":"https:\/\/api.w.org\/{rel}","templated":true}]}}