{"id":87806,"date":"2026-02-14T16:54:52","date_gmt":"2026-02-14T13:54:52","guid":{"rendered":"https:\/\/www.egemtv.com\/?p=87806"},"modified":"2026-02-14T16:54:52","modified_gmt":"2026-02-14T13:54:52","slug":"manisada-155-nolu-halk-otobusleri-kooperatifinde-fevzi-acikel-guven-tazeledi","status":"publish","type":"post","link":"https:\/\/www.egemtv.com\/?p=87806","title":{"rendered":"Manisa\u2019da 155 No\u2019lu Halk Otob\u00fcsleri Kooperatifi\u2019nde Fevzi A\u00e7\u0131kel g\u00fcven tazeledi"},"content":{"rendered":"<p>Manisa\u2019da 168 arac\u0131n faaliyet g\u00f6sterdi\u011fi 155 No\u2019lu \u015eehir \u0130\u00e7i Denetimli \u00d6zel Halk Otob\u00fcsleri Kooperatifi\u2019nin genel kurulunda mevcut ba\u015fkan Fevzi A\u00e7\u0131kel, tek listeyle gidilen se\u00e7imde \u00fcyelerin oylar\u0131yla g\u00fcven tazeledi.<br \/>\n<br \/>168 halk otob\u00fcs\u00fcn\u00fcn bulundu\u011fu 155 No\u2019lu \u015eehir \u0130\u00e7i Denetimli \u00d6zel Halk Otob\u00fcsleri Kooperatifi\u2019nin genel kurulu, Manisa Esnaf ve Sanatkarlar Kredi ve Kefalet Kooperatifi Sosyal Tesisleri\u2019nde ger\u00e7ekle\u015ftirildi. Tek listeyle gidilen se\u00e7imde A\u00e7\u0131kel, \u00fcyelerin oylar\u0131yla yeniden ba\u015fkanl\u0131\u011fa getirildi. Genel kurula Manisa Esnaf ve Sanatkarlar Kredi ve Kefalet Kooperatifi Ba\u015fkan\u0131 ve Manisa Pazarc\u0131lar Odas\u0131 Ba\u015fkan\u0131 Destan Bulgay, Manisa \u015eof\u00f6rler ve Otomobilciler Odas\u0131 Ba\u015fkan\u0131 Cahit G\u00fcden, Manisa Esnaf ve Sanatkarlar Odas\u0131 Ba\u015fkan\u0131 Bahattin Aky\u00fcz, Madeni Sanatkarlar Odas\u0131 Ba\u015fkan\u0131 Levent Pirin\u00e7\u00e7iler, Ayakkab\u0131c\u0131lar Odas\u0131 Ba\u015fkan\u0131 Ahmet Ak\u00e7\u0131n, Motorlu Ta\u015f\u0131y\u0131c\u0131lar Odas\u0131 Ba\u015fkan\u0131 Murat Ate\u015fbudak ile kooperatif \u00fcyeleri kat\u0131ld\u0131. Divan ba\u015fkanl\u0131\u011f\u0131na ise Sinan Enginer se\u00e7ildi.<br \/>\n<br \/>Genel kurulda konu\u015fan Ba\u015fkan Fevzi A\u00e7\u0131kel, kat\u0131l\u0131mc\u0131lara te\u015fekk\u00fcr ederek toplu ta\u015f\u0131maya verdi\u011fi destek nedeniyle merhum Manisa B\u00fcy\u00fck\u015fehir Belediye Ba\u015fkan\u0131 Ferdi Zeyrek\u2019i rahmetle and\u0131. A\u00e7\u0131kel ayr\u0131ca Manisa B\u00fcy\u00fck\u015fehir Belediye Ba\u015fkan\u0131 Besim Dutlulu ve ekibine desteklerinden dolay\u0131 te\u015fekk\u00fcr etti. \u00dc\u00e7 y\u0131ll\u0131k g\u00f6rev s\u00fcresi boyunca ele\u015ftirilere ra\u011fmen m\u00fccadeleyi b\u0131rakmad\u0131\u011f\u0131n\u0131 belirten A\u00e7\u0131kel, kooperatif \u00fcyeleriyle g\u00fc\u00e7l\u00fc bir ba\u011f kurduklar\u0131n\u0131 s\u00f6yledi.<br \/>\n<br \/>155 No\u2019lu Kooperatif\u2019in Manisa\u2019daki esnaf ve cemiyet hayat\u0131nda etkin bir konuma ula\u015ft\u0131\u011f\u0131n\u0131 ifade eden A\u00e7\u0131kel, Esnaf Kefalet ve \u015eof\u00f6rler Odas\u0131 se\u00e7imlerinde \u00fcyelerin deste\u011fiyle \u00f6nemli ba\u015far\u0131lar elde ettiklerini dile getirdi. Ba\u015fkanvekili Fuat Eryolda\u015f\u2019\u0131n da \u015eof\u00f6rler Odas\u0131\u2019nda ba\u015fkanvekili olarak g\u00f6rev yapt\u0131\u011f\u0131n\u0131 kaydetti.<br \/>\n<br \/>T\u00fcrkiye genelinde \u00f6zel halk otob\u00fcs\u00e7\u00fclerinin zor bir s\u00fcre\u00e7ten ge\u00e7ti\u011fini belirten A\u00e7\u0131kel, Ankara\u2019da 80 kooperatif ve 16 bin arac\u0131 temsil eden T\u00fcrkiye \u00d6zel Halk Otob\u00fcsleri Birli\u011fi y\u00f6netiminde d\u00f6rt genel ba\u015fkan yard\u0131mc\u0131s\u0131ndan birinin Manisa 155 No\u2019lu Kooperatif Ba\u015fkan\u0131 oldu\u011funu vurgulad\u0131.<br \/>\n<br \/>Yap\u0131lan se\u00e7im sonras\u0131 Fevzi A\u00e7\u0131kel ba\u015fkanl\u0131\u011f\u0131ndaki y\u00f6netimde Ba\u015fkanvekili Fuat Eryolda\u015f, Muhasip \u00dcye Yavuz Kanon yer al\u0131rken, Denetim Kurulu\u2019nda Ba\u015fkan Serkan K\u0131z\u0131l ile Mustafa Aydo\u011fan g\u00f6rev ald\u0131.<br \/><\/p>\n","protected":false},"excerpt":{"rendered":"<p>Manisa\u2019da 168 arac\u0131n faaliyet g\u00f6sterdi\u011fi 155 No\u2019lu \u015eehir \u0130\u00e7i Denetimli \u00d6zel Halk Otob\u00fcsleri Kooperatifi\u2019nin genel kurulunda mevcut ba\u015fkan Fevzi A\u00e7\u0131kel, tek listeyle gidilen se\u00e7imde \u00fcyelerin oylar\u0131yla g\u00fcven tazeledi. 168 halk otob\u00fcs\u00fcn\u00fcn bulundu\u011fu 155 No\u2019lu \u015eehir \u0130\u00e7i Denetimli \u00d6zel Halk Otob\u00fcsleri Kooperatifi\u2019nin genel kurulu, Manisa Esnaf ve Sanatkarlar Kredi ve Kefalet Kooperatifi Sosyal Tesisleri\u2019nde ger\u00e7ekle\u015ftirildi. Tek&#8230;<\/p>\n","protected":false},"author":1,"featured_media":87807,"comment_status":"open","ping_status":"open","sticky":false,"template":"","format":"standard","meta":{"_crdt_document":"","footnotes":""},"categories":[1],"tags":[],"class_list":["post-87806","post","type-post","status-publish","format-standard","has-post-thumbnail","hentry","category-guncel"],"_links":{"self":[{"href":"https:\/\/www.egemtv.com\/index.php?rest_route=\/wp\/v2\/posts\/87806","targetHints":{"allow":["GET"]}}],"collection":[{"href":"https:\/\/www.egemtv.com\/index.php?rest_route=\/wp\/v2\/posts"}],"about":[{"href":"https:\/\/www.egemtv.com\/index.php?rest_route=\/wp\/v2\/types\/post"}],"author":[{"embeddable":true,"href":"https:\/\/www.egemtv.com\/index.php?rest_route=\/wp\/v2\/users\/1"}],"replies":[{"embeddable":true,"href":"https:\/\/www.egemtv.com\/index.php?rest_route=%2Fwp%2Fv2%2Fcomments&post=87806"}],"version-history":[{"count":1,"href":"https:\/\/www.egemtv.com\/index.php?rest_route=\/wp\/v2\/posts\/87806\/revisions"}],"predecessor-version":[{"id":87808,"href":"https:\/\/www.egemtv.com\/index.php?rest_route=\/wp\/v2\/posts\/87806\/revisions\/87808"}],"wp:featuredmedia":[{"embeddable":true,"href":"https:\/\/www.egemtv.com\/index.php?rest_route=\/wp\/v2\/media\/87807"}],"wp:attachment":[{"href":"https:\/\/www.egemtv.com\/index.php?rest_route=%2Fwp%2Fv2%2Fmedia&parent=87806"}],"wp:term":[{"taxonomy":"category","embeddable":true,"href":"https:\/\/www.egemtv.com\/index.php?rest_route=%2Fwp%2Fv2%2Fcategories&post=87806"},{"taxonomy":"post_tag","embeddable":true,"href":"https:\/\/www.egemtv.com\/index.php?rest_route=%2Fwp%2Fv2%2Ftags&post=87806"}],"curies":[{"name":"wp","href":"https:\/\/api.w.org\/{rel}","templated":true}]}}