{"id":87800,"date":"2026-02-14T16:34:57","date_gmt":"2026-02-14T13:34:57","guid":{"rendered":"https:\/\/www.egemtv.com\/?p=87800"},"modified":"2026-02-14T16:34:58","modified_gmt":"2026-02-14T13:34:58","slug":"selde-mahsur-kalan-inekler-bogulmaktan-kurtarildi","status":"publish","type":"post","link":"https:\/\/www.egemtv.com\/?p=87800","title":{"rendered":"Selde mahsur kalan inekler bo\u011fulmaktan kurtar\u0131ld\u0131"},"content":{"rendered":"<p>Manisa\u2019n\u0131n \u015eehzadeler il\u00e7esinde Gediz Nehri\u2019nin ta\u015fmas\u0131 sonucu selde bo\u011fulmak \u00fczere olan inekler AFAD ve Manisa \u0130tfaiye Dairesi Ba\u015fkanl\u0131\u011f\u0131na ba\u011fl\u0131 ekipler taraf\u0131ndan kurtar\u0131ld\u0131.<br \/>\n<br \/>Son y\u0131llar\u0131n en y\u00fcksek ya\u011f\u0131\u015f\u0131n\u0131 alan Manisa\u2019da Gediz Nehri ve ba\u011fl\u0131 derelerin ta\u015fmas\u0131 sonucu bir \u00e7ok ba\u011f evi ve hayvan dam\u0131 sular alt\u0131nda kald\u0131. Hayvanlar\u0131n\u0131n sel sular\u0131 nedeniyle bo\u011fulma tehlikesinde bulundu\u011fu ihbar\u0131 \u00fczerine harekete ge\u00e7en AFAD ve Manisa B\u00fcy\u00fck\u015fehir Belediyesi \u0130tfaiye Dairesi Ba\u015fkanl\u0131\u011f\u0131na ba\u011fl\u0131 ekipler, suya g\u00f6m\u00fcle hayvan dam\u0131ndan kurtard\u0131.<br \/>\n<br \/>\u0130nekleri g\u00fcvenli b\u00f6lgeye getiren ekipler \u00e7al\u0131\u015fmalar\u0131n\u0131 s\u00fcrd\u00fcr\u00fcyor.<br \/><\/p>\n","protected":false},"excerpt":{"rendered":"<p>Manisa\u2019n\u0131n \u015eehzadeler il\u00e7esinde Gediz Nehri\u2019nin ta\u015fmas\u0131 sonucu selde bo\u011fulmak \u00fczere olan inekler AFAD ve Manisa \u0130tfaiye Dairesi Ba\u015fkanl\u0131\u011f\u0131na ba\u011fl\u0131 ekipler taraf\u0131ndan kurtar\u0131ld\u0131. Son y\u0131llar\u0131n en y\u00fcksek ya\u011f\u0131\u015f\u0131n\u0131 alan Manisa\u2019da Gediz Nehri ve ba\u011fl\u0131 derelerin ta\u015fmas\u0131 sonucu bir \u00e7ok ba\u011f evi ve hayvan dam\u0131 sular alt\u0131nda kald\u0131. Hayvanlar\u0131n\u0131n sel sular\u0131 nedeniyle bo\u011fulma tehlikesinde bulundu\u011fu ihbar\u0131 \u00fczerine&#8230;<\/p>\n","protected":false},"author":1,"featured_media":87801,"comment_status":"open","ping_status":"open","sticky":false,"template":"","format":"standard","meta":{"_crdt_document":"","footnotes":""},"categories":[5],"tags":[],"class_list":["post-87800","post","type-post","status-publish","format-standard","has-post-thumbnail","hentry","category-asayis"],"_links":{"self":[{"href":"https:\/\/www.egemtv.com\/index.php?rest_route=\/wp\/v2\/posts\/87800","targetHints":{"allow":["GET"]}}],"collection":[{"href":"https:\/\/www.egemtv.com\/index.php?rest_route=\/wp\/v2\/posts"}],"about":[{"href":"https:\/\/www.egemtv.com\/index.php?rest_route=\/wp\/v2\/types\/post"}],"author":[{"embeddable":true,"href":"https:\/\/www.egemtv.com\/index.php?rest_route=\/wp\/v2\/users\/1"}],"replies":[{"embeddable":true,"href":"https:\/\/www.egemtv.com\/index.php?rest_route=%2Fwp%2Fv2%2Fcomments&post=87800"}],"version-history":[{"count":1,"href":"https:\/\/www.egemtv.com\/index.php?rest_route=\/wp\/v2\/posts\/87800\/revisions"}],"predecessor-version":[{"id":87802,"href":"https:\/\/www.egemtv.com\/index.php?rest_route=\/wp\/v2\/posts\/87800\/revisions\/87802"}],"wp:featuredmedia":[{"embeddable":true,"href":"https:\/\/www.egemtv.com\/index.php?rest_route=\/wp\/v2\/media\/87801"}],"wp:attachment":[{"href":"https:\/\/www.egemtv.com\/index.php?rest_route=%2Fwp%2Fv2%2Fmedia&parent=87800"}],"wp:term":[{"taxonomy":"category","embeddable":true,"href":"https:\/\/www.egemtv.com\/index.php?rest_route=%2Fwp%2Fv2%2Fcategories&post=87800"},{"taxonomy":"post_tag","embeddable":true,"href":"https:\/\/www.egemtv.com\/index.php?rest_route=%2Fwp%2Fv2%2Ftags&post=87800"}],"curies":[{"name":"wp","href":"https:\/\/api.w.org\/{rel}","templated":true}]}}